{"id":14925,"date":"2023-03-31T10:48:32","date_gmt":"2023-03-31T08:48:32","guid":{"rendered":"https:\/\/folgos.pl\/pl\/?p=14925"},"modified":"2023-08-09T23:07:04","modified_gmt":"2023-08-09T21:07:04","slug":"folgos-wald","status":"publish","type":"post","link":"https:\/\/folgos.pl\/pl\/de\/2023\/03\/31\/folgos-wald\/","title":{"rendered":"FOLGOS-WALD"},"content":{"rendered":"\t\t<div data-elementor-type=\"wp-post\" data-elementor-id=\"14925\" class=\"elementor elementor-14925\">\n\t\t\t\t\t\t\t\t\t<section class=\"elementor-section elementor-top-section elementor-element elementor-element-614ed87c elementor-section-boxed elementor-section-height-default elementor-section-height-default\" data-id=\"614ed87c\" data-element_type=\"section\">\n\t\t\t\t\t\t<div class=\"elementor-container elementor-column-gap-default\">\n\t\t\t\t\t<div class=\"elementor-column elementor-col-100 elementor-top-column elementor-element elementor-element-1af84906\" data-id=\"1af84906\" data-element_type=\"column\">\n\t\t\t<div class=\"elementor-widget-wrap elementor-element-populated\">\n\t\t\t\t\t\t\t\t<div class=\"elementor-element elementor-element-62370d45 elementor-widget elementor-widget-text-editor\" data-id=\"62370d45\" data-element_type=\"widget\" data-widget_type=\"text-editor.default\">\n\t\t\t\t<div class=\"elementor-widget-container\">\n\t\t\t<style>\/*! elementor - v3.17.0 - 08-11-2023 *\/\n.elementor-widget-text-editor.elementor-drop-cap-view-stacked .elementor-drop-cap{background-color:#69727d;color:#fff}.elementor-widget-text-editor.elementor-drop-cap-view-framed .elementor-drop-cap{color:#69727d;border:3px solid;background-color:transparent}.elementor-widget-text-editor:not(.elementor-drop-cap-view-default) .elementor-drop-cap{margin-top:8px}.elementor-widget-text-editor:not(.elementor-drop-cap-view-default) .elementor-drop-cap-letter{width:1em;height:1em}.elementor-widget-text-editor .elementor-drop-cap{float:left;text-align:center;line-height:1;font-size:50px}.elementor-widget-text-editor .elementor-drop-cap-letter{display:inline-block}<\/style>\t\t\t\t<p>Im M\u00e4rz dieses Jahres organisierten wir eine Aktion namens <strong>FOLGOS-WALD<\/strong> \u2013 das Pflanzen von Eichen in einem der W\u00e4lder in der N\u00e4he von Gosty\u0144.<\/p><p>Auf einer Fl\u00e4che von 0,6 ha pflanzten die Mitarbeiter der Firma zusammen mit ihren Familien rund 3.000 Stieleichen-Setzlinge.<\/p><p>Alles geschah unter der Aufsicht der F\u00f6rster der Forstinspektion Piaski, die den Teilnehmern die richtige Pflanztechnik zeigten.<\/p><p>Wir sind uns sicher, dass in einigen Jahren ein wundersch\u00f6nes St\u00fcck Eichenwald wachsen wird.\u00a0<\/p>\t\t\t\t\t\t<\/div>\n\t\t\t\t<\/div>\n\t\t\t\t\t<\/div>\n\t\t<\/div>\n\t\t\t\t\t\t\t<\/div>\n\t\t<\/section>\n\t\t\t\t\t\t\t<\/div>\n\t\t","protected":false},"excerpt":{"rendered":"<p>Im M\u00e4rz dieses Jahres organisierten wir eine Aktion namens FOLGOS-WALD \u2013 das Pflanzen von Eichen in einem der W\u00e4lder in der N\u00e4he von Gosty\u0144. Auf einer Fl\u00e4che von 0,6 ha pflanzten die Mitarbeiter der Firma zusammen mit ihren Familien rund 3.000 Stieleichen-Setzlinge. Alles geschah unter der Aufsicht der F\u00f6rster der Forstinspektion Piaski, die den Teilnehmern [&hellip;]<\/p>\n","protected":false},"author":3,"featured_media":14073,"comment_status":"closed","ping_status":"closed","sticky":false,"template":"","format":"standard","meta":{"footnotes":""},"categories":[52],"tags":[],"class_list":["post-14925","post","type-post","status-publish","format-standard","has-post-thumbnail","hentry","category-bez-kategorii-de"],"yoast_head":"<!-- This site is optimized with the Yoast SEO plugin v23.9 - https:\/\/yoast.com\/wordpress\/plugins\/seo\/ -->\n<title>FOLGOS-WALD &#8212; FOLGOS<\/title>\n<meta name=\"robots\" content=\"index, follow, max-snippet:-1, max-image-preview:large, max-video-preview:-1\" \/>\n<link rel=\"canonical\" href=\"https:\/\/folgos.pl\/pl\/de\/2023\/03\/31\/folgos-wald\/\" \/>\n<meta property=\"og:locale\" content=\"pl_PL\" \/>\n<meta property=\"og:type\" content=\"article\" \/>\n<meta property=\"og:title\" content=\"FOLGOS-WALD &#8212; FOLGOS\" \/>\n<meta property=\"og:description\" content=\"Im M\u00e4rz dieses Jahres organisierten wir eine Aktion namens FOLGOS-WALD \u2013 das Pflanzen von Eichen in einem der W\u00e4lder in der N\u00e4he von Gosty\u0144. Auf einer Fl\u00e4che von 0,6 ha pflanzten die Mitarbeiter der Firma zusammen mit ihren Familien rund 3.000 Stieleichen-Setzlinge. Alles geschah unter der Aufsicht der F\u00f6rster der Forstinspektion Piaski, die den Teilnehmern [&hellip;]\" \/>\n<meta property=\"og:url\" content=\"https:\/\/folgos.pl\/pl\/de\/2023\/03\/31\/folgos-wald\/\" \/>\n<meta property=\"og:site_name\" content=\"FOLGOS\" \/>\n<meta property=\"article:publisher\" content=\"https:\/\/www.facebook.com\/Folgos.Polska\" \/>\n<meta property=\"article:published_time\" content=\"2023-03-31T08:48:32+00:00\" \/>\n<meta property=\"article:modified_time\" content=\"2023-08-09T21:07:04+00:00\" \/>\n<meta property=\"og:image\" content=\"https:\/\/folgos.pl\/pl\/wp-content\/uploads\/2023\/08\/akcja-sadzenia-drzew.jpg\" \/>\n\t<meta property=\"og:image:width\" content=\"1000\" \/>\n\t<meta property=\"og:image:height\" content=\"550\" \/>\n\t<meta property=\"og:image:type\" content=\"image\/jpeg\" \/>\n<meta name=\"author\" content=\"biuro@iclouders.pl\" \/>\n<meta name=\"twitter:card\" content=\"summary_large_image\" \/>\n<meta name=\"twitter:label1\" content=\"Napisane przez\" \/>\n\t<meta name=\"twitter:data1\" content=\"biuro@iclouders.pl\" \/>\n<script type=\"application\/ld+json\" class=\"yoast-schema-graph\">{\"@context\":\"https:\/\/schema.org\",\"@graph\":[{\"@type\":\"Article\",\"@id\":\"https:\/\/folgos.pl\/pl\/de\/2023\/03\/31\/folgos-wald\/#article\",\"isPartOf\":{\"@id\":\"https:\/\/folgos.pl\/pl\/de\/2023\/03\/31\/folgos-wald\/\"},\"author\":{\"name\":\"biuro@iclouders.pl\",\"@id\":\"https:\/\/folgos.pl\/pl\/#\/schema\/person\/0587de1c6bd7a707b32022a06dc5af78\"},\"headline\":\"FOLGOS-WALD\",\"datePublished\":\"2023-03-31T08:48:32+00:00\",\"dateModified\":\"2023-08-09T21:07:04+00:00\",\"mainEntityOfPage\":{\"@id\":\"https:\/\/folgos.pl\/pl\/de\/2023\/03\/31\/folgos-wald\/\"},\"wordCount\":78,\"publisher\":{\"@id\":\"https:\/\/folgos.pl\/pl\/#organization\"},\"image\":{\"@id\":\"https:\/\/folgos.pl\/pl\/de\/2023\/03\/31\/folgos-wald\/#primaryimage\"},\"thumbnailUrl\":\"https:\/\/folgos.pl\/pl\/wp-content\/uploads\/2023\/08\/akcja-sadzenia-drzew.jpg\",\"inLanguage\":\"pl-PL\"},{\"@type\":\"WebPage\",\"@id\":\"https:\/\/folgos.pl\/pl\/de\/2023\/03\/31\/folgos-wald\/\",\"url\":\"https:\/\/folgos.pl\/pl\/de\/2023\/03\/31\/folgos-wald\/\",\"name\":\"FOLGOS-WALD &#8212; FOLGOS\",\"isPartOf\":{\"@id\":\"https:\/\/folgos.pl\/pl\/#website\"},\"primaryImageOfPage\":{\"@id\":\"https:\/\/folgos.pl\/pl\/de\/2023\/03\/31\/folgos-wald\/#primaryimage\"},\"image\":{\"@id\":\"https:\/\/folgos.pl\/pl\/de\/2023\/03\/31\/folgos-wald\/#primaryimage\"},\"thumbnailUrl\":\"https:\/\/folgos.pl\/pl\/wp-content\/uploads\/2023\/08\/akcja-sadzenia-drzew.jpg\",\"datePublished\":\"2023-03-31T08:48:32+00:00\",\"dateModified\":\"2023-08-09T21:07:04+00:00\",\"breadcrumb\":{\"@id\":\"https:\/\/folgos.pl\/pl\/de\/2023\/03\/31\/folgos-wald\/#breadcrumb\"},\"inLanguage\":\"pl-PL\",\"potentialAction\":[{\"@type\":\"ReadAction\",\"target\":[\"https:\/\/folgos.pl\/pl\/de\/2023\/03\/31\/folgos-wald\/\"]}]},{\"@type\":\"ImageObject\",\"inLanguage\":\"pl-PL\",\"@id\":\"https:\/\/folgos.pl\/pl\/de\/2023\/03\/31\/folgos-wald\/#primaryimage\",\"url\":\"https:\/\/folgos.pl\/pl\/wp-content\/uploads\/2023\/08\/akcja-sadzenia-drzew.jpg\",\"contentUrl\":\"https:\/\/folgos.pl\/pl\/wp-content\/uploads\/2023\/08\/akcja-sadzenia-drzew.jpg\",\"width\":1000,\"height\":550,\"caption\":\"akcja sadzenia drzew\"},{\"@type\":\"BreadcrumbList\",\"@id\":\"https:\/\/folgos.pl\/pl\/de\/2023\/03\/31\/folgos-wald\/#breadcrumb\",\"itemListElement\":[{\"@type\":\"ListItem\",\"position\":1,\"name\":\"Strona g\u0142\u00f3wna\",\"item\":\"https:\/\/folgos.pl\/pl\/\"},{\"@type\":\"ListItem\",\"position\":2,\"name\":\"FOLGOS-WALD\"}]},{\"@type\":\"WebSite\",\"@id\":\"https:\/\/folgos.pl\/pl\/#website\",\"url\":\"https:\/\/folgos.pl\/pl\/\",\"name\":\"FOLGOS - producent ekologicznej folii\",\"description\":\"\u0141\u0105czymy jako\u015b\u0107 z ekologi\u0105\",\"publisher\":{\"@id\":\"https:\/\/folgos.pl\/pl\/#organization\"},\"potentialAction\":[{\"@type\":\"SearchAction\",\"target\":{\"@type\":\"EntryPoint\",\"urlTemplate\":\"https:\/\/folgos.pl\/pl\/?s={search_term_string}\"},\"query-input\":{\"@type\":\"PropertyValueSpecification\",\"valueRequired\":true,\"valueName\":\"search_term_string\"}}],\"inLanguage\":\"pl-PL\"},{\"@type\":\"Organization\",\"@id\":\"https:\/\/folgos.pl\/pl\/#organization\",\"name\":\"FOLGOS\",\"url\":\"https:\/\/folgos.pl\/pl\/\",\"logo\":{\"@type\":\"ImageObject\",\"inLanguage\":\"pl-PL\",\"@id\":\"https:\/\/folgos.pl\/pl\/#\/schema\/logo\/image\/\",\"url\":\"https:\/\/folgos.pl\/pl\/wp-content\/uploads\/2023\/06\/Folgos_logo_RGB_v17-05-23.png\",\"contentUrl\":\"https:\/\/folgos.pl\/pl\/wp-content\/uploads\/2023\/06\/Folgos_logo_RGB_v17-05-23.png\",\"width\":439,\"height\":178,\"caption\":\"FOLGOS\"},\"image\":{\"@id\":\"https:\/\/folgos.pl\/pl\/#\/schema\/logo\/image\/\"},\"sameAs\":[\"https:\/\/www.facebook.com\/Folgos.Polska\",\"https:\/\/www.linkedin.com\/company\/folgos\/\"]},{\"@type\":\"Person\",\"@id\":\"https:\/\/folgos.pl\/pl\/#\/schema\/person\/0587de1c6bd7a707b32022a06dc5af78\",\"name\":\"biuro@iclouders.pl\",\"image\":{\"@type\":\"ImageObject\",\"inLanguage\":\"pl-PL\",\"@id\":\"https:\/\/folgos.pl\/pl\/#\/schema\/person\/image\/\",\"url\":\"https:\/\/secure.gravatar.com\/avatar\/691b26a3a725a108eda9206cd0366a0fb607886820a7a78592d9e648da288864?s=96&d=mm&r=g\",\"contentUrl\":\"https:\/\/secure.gravatar.com\/avatar\/691b26a3a725a108eda9206cd0366a0fb607886820a7a78592d9e648da288864?s=96&d=mm&r=g\",\"caption\":\"biuro@iclouders.pl\"},\"sameAs\":[\"https:\/\/iclouders.pl\"]}]}<\/script>\n<!-- \/ Yoast SEO plugin. -->","yoast_head_json":{"title":"FOLGOS-WALD &#8212; FOLGOS","robots":{"index":"index","follow":"follow","max-snippet":"max-snippet:-1","max-image-preview":"max-image-preview:large","max-video-preview":"max-video-preview:-1"},"canonical":"https:\/\/folgos.pl\/pl\/de\/2023\/03\/31\/folgos-wald\/","og_locale":"pl_PL","og_type":"article","og_title":"FOLGOS-WALD &#8212; FOLGOS","og_description":"Im M\u00e4rz dieses Jahres organisierten wir eine Aktion namens FOLGOS-WALD \u2013 das Pflanzen von Eichen in einem der W\u00e4lder in der N\u00e4he von Gosty\u0144. Auf einer Fl\u00e4che von 0,6 ha pflanzten die Mitarbeiter der Firma zusammen mit ihren Familien rund 3.000 Stieleichen-Setzlinge. Alles geschah unter der Aufsicht der F\u00f6rster der Forstinspektion Piaski, die den Teilnehmern [&hellip;]","og_url":"https:\/\/folgos.pl\/pl\/de\/2023\/03\/31\/folgos-wald\/","og_site_name":"FOLGOS","article_publisher":"https:\/\/www.facebook.com\/Folgos.Polska","article_published_time":"2023-03-31T08:48:32+00:00","article_modified_time":"2023-08-09T21:07:04+00:00","og_image":[{"width":1000,"height":550,"url":"https:\/\/folgos.pl\/pl\/wp-content\/uploads\/2023\/08\/akcja-sadzenia-drzew.jpg","type":"image\/jpeg"}],"author":"biuro@iclouders.pl","twitter_card":"summary_large_image","twitter_misc":{"Napisane przez":"biuro@iclouders.pl"},"schema":{"@context":"https:\/\/schema.org","@graph":[{"@type":"Article","@id":"https:\/\/folgos.pl\/pl\/de\/2023\/03\/31\/folgos-wald\/#article","isPartOf":{"@id":"https:\/\/folgos.pl\/pl\/de\/2023\/03\/31\/folgos-wald\/"},"author":{"name":"biuro@iclouders.pl","@id":"https:\/\/folgos.pl\/pl\/#\/schema\/person\/0587de1c6bd7a707b32022a06dc5af78"},"headline":"FOLGOS-WALD","datePublished":"2023-03-31T08:48:32+00:00","dateModified":"2023-08-09T21:07:04+00:00","mainEntityOfPage":{"@id":"https:\/\/folgos.pl\/pl\/de\/2023\/03\/31\/folgos-wald\/"},"wordCount":78,"publisher":{"@id":"https:\/\/folgos.pl\/pl\/#organization"},"image":{"@id":"https:\/\/folgos.pl\/pl\/de\/2023\/03\/31\/folgos-wald\/#primaryimage"},"thumbnailUrl":"https:\/\/folgos.pl\/pl\/wp-content\/uploads\/2023\/08\/akcja-sadzenia-drzew.jpg","inLanguage":"pl-PL"},{"@type":"WebPage","@id":"https:\/\/folgos.pl\/pl\/de\/2023\/03\/31\/folgos-wald\/","url":"https:\/\/folgos.pl\/pl\/de\/2023\/03\/31\/folgos-wald\/","name":"FOLGOS-WALD &#8212; FOLGOS","isPartOf":{"@id":"https:\/\/folgos.pl\/pl\/#website"},"primaryImageOfPage":{"@id":"https:\/\/folgos.pl\/pl\/de\/2023\/03\/31\/folgos-wald\/#primaryimage"},"image":{"@id":"https:\/\/folgos.pl\/pl\/de\/2023\/03\/31\/folgos-wald\/#primaryimage"},"thumbnailUrl":"https:\/\/folgos.pl\/pl\/wp-content\/uploads\/2023\/08\/akcja-sadzenia-drzew.jpg","datePublished":"2023-03-31T08:48:32+00:00","dateModified":"2023-08-09T21:07:04+00:00","breadcrumb":{"@id":"https:\/\/folgos.pl\/pl\/de\/2023\/03\/31\/folgos-wald\/#breadcrumb"},"inLanguage":"pl-PL","potentialAction":[{"@type":"ReadAction","target":["https:\/\/folgos.pl\/pl\/de\/2023\/03\/31\/folgos-wald\/"]}]},{"@type":"ImageObject","inLanguage":"pl-PL","@id":"https:\/\/folgos.pl\/pl\/de\/2023\/03\/31\/folgos-wald\/#primaryimage","url":"https:\/\/folgos.pl\/pl\/wp-content\/uploads\/2023\/08\/akcja-sadzenia-drzew.jpg","contentUrl":"https:\/\/folgos.pl\/pl\/wp-content\/uploads\/2023\/08\/akcja-sadzenia-drzew.jpg","width":1000,"height":550,"caption":"akcja sadzenia drzew"},{"@type":"BreadcrumbList","@id":"https:\/\/folgos.pl\/pl\/de\/2023\/03\/31\/folgos-wald\/#breadcrumb","itemListElement":[{"@type":"ListItem","position":1,"name":"Strona g\u0142\u00f3wna","item":"https:\/\/folgos.pl\/pl\/"},{"@type":"ListItem","position":2,"name":"FOLGOS-WALD"}]},{"@type":"WebSite","@id":"https:\/\/folgos.pl\/pl\/#website","url":"https:\/\/folgos.pl\/pl\/","name":"FOLGOS - producent ekologicznej folii","description":"\u0141\u0105czymy jako\u015b\u0107 z ekologi\u0105","publisher":{"@id":"https:\/\/folgos.pl\/pl\/#organization"},"potentialAction":[{"@type":"SearchAction","target":{"@type":"EntryPoint","urlTemplate":"https:\/\/folgos.pl\/pl\/?s={search_term_string}"},"query-input":{"@type":"PropertyValueSpecification","valueRequired":true,"valueName":"search_term_string"}}],"inLanguage":"pl-PL"},{"@type":"Organization","@id":"https:\/\/folgos.pl\/pl\/#organization","name":"FOLGOS","url":"https:\/\/folgos.pl\/pl\/","logo":{"@type":"ImageObject","inLanguage":"pl-PL","@id":"https:\/\/folgos.pl\/pl\/#\/schema\/logo\/image\/","url":"https:\/\/folgos.pl\/pl\/wp-content\/uploads\/2023\/06\/Folgos_logo_RGB_v17-05-23.png","contentUrl":"https:\/\/folgos.pl\/pl\/wp-content\/uploads\/2023\/06\/Folgos_logo_RGB_v17-05-23.png","width":439,"height":178,"caption":"FOLGOS"},"image":{"@id":"https:\/\/folgos.pl\/pl\/#\/schema\/logo\/image\/"},"sameAs":["https:\/\/www.facebook.com\/Folgos.Polska","https:\/\/www.linkedin.com\/company\/folgos\/"]},{"@type":"Person","@id":"https:\/\/folgos.pl\/pl\/#\/schema\/person\/0587de1c6bd7a707b32022a06dc5af78","name":"biuro@iclouders.pl","image":{"@type":"ImageObject","inLanguage":"pl-PL","@id":"https:\/\/folgos.pl\/pl\/#\/schema\/person\/image\/","url":"https:\/\/secure.gravatar.com\/avatar\/691b26a3a725a108eda9206cd0366a0fb607886820a7a78592d9e648da288864?s=96&d=mm&r=g","contentUrl":"https:\/\/secure.gravatar.com\/avatar\/691b26a3a725a108eda9206cd0366a0fb607886820a7a78592d9e648da288864?s=96&d=mm&r=g","caption":"biuro@iclouders.pl"},"sameAs":["https:\/\/iclouders.pl"]}]}},"_links":{"self":[{"href":"https:\/\/folgos.pl\/pl\/wp-json\/wp\/v2\/posts\/14925","targetHints":{"allow":["GET"]}}],"collection":[{"href":"https:\/\/folgos.pl\/pl\/wp-json\/wp\/v2\/posts"}],"about":[{"href":"https:\/\/folgos.pl\/pl\/wp-json\/wp\/v2\/types\/post"}],"author":[{"embeddable":true,"href":"https:\/\/folgos.pl\/pl\/wp-json\/wp\/v2\/users\/3"}],"replies":[{"embeddable":true,"href":"https:\/\/folgos.pl\/pl\/wp-json\/wp\/v2\/comments?post=14925"}],"version-history":[{"count":4,"href":"https:\/\/folgos.pl\/pl\/wp-json\/wp\/v2\/posts\/14925\/revisions"}],"predecessor-version":[{"id":14929,"href":"https:\/\/folgos.pl\/pl\/wp-json\/wp\/v2\/posts\/14925\/revisions\/14929"}],"wp:featuredmedia":[{"embeddable":true,"href":"https:\/\/folgos.pl\/pl\/wp-json\/wp\/v2\/media\/14073"}],"wp:attachment":[{"href":"https:\/\/folgos.pl\/pl\/wp-json\/wp\/v2\/media?parent=14925"}],"wp:term":[{"taxonomy":"category","embeddable":true,"href":"https:\/\/folgos.pl\/pl\/wp-json\/wp\/v2\/categories?post=14925"},{"taxonomy":"post_tag","embeddable":true,"href":"https:\/\/folgos.pl\/pl\/wp-json\/wp\/v2\/tags?post=14925"}],"curies":[{"name":"wp","href":"https:\/\/api.w.org\/{rel}","templated":true}]}}