{"id":15511,"date":"2023-09-06T13:04:35","date_gmt":"2023-09-06T11:04:35","guid":{"rendered":"https:\/\/folgos.pl\/pl\/?p=15511"},"modified":"2023-09-28T16:46:26","modified_gmt":"2023-09-28T14:46:26","slug":"konferencja-arskonferansen-2023-avfall-norge","status":"publish","type":"post","link":"https:\/\/folgos.pl\/pl\/2023\/09\/06\/konferencja-arskonferansen-2023-avfall-norge\/","title":{"rendered":"\u00c5rskonferansen 2023 &#8211; Avfall Norge"},"content":{"rendered":"\t\t<div data-elementor-type=\"wp-post\" data-elementor-id=\"15511\" class=\"elementor elementor-15511\">\n\t\t\t\t\t\t\t\t\t<section class=\"elementor-section elementor-top-section elementor-element elementor-element-614ed87c elementor-section-boxed elementor-section-height-default elementor-section-height-default\" data-id=\"614ed87c\" data-element_type=\"section\">\n\t\t\t\t\t\t<div class=\"elementor-container elementor-column-gap-default\">\n\t\t\t\t\t<div class=\"elementor-column elementor-col-100 elementor-top-column elementor-element elementor-element-1af84906\" data-id=\"1af84906\" data-element_type=\"column\">\n\t\t\t<div class=\"elementor-widget-wrap elementor-element-populated\">\n\t\t\t\t\t\t\t\t<div class=\"elementor-element elementor-element-62370d45 elementor-widget elementor-widget-text-editor\" data-id=\"62370d45\" data-element_type=\"widget\" data-widget_type=\"text-editor.default\">\n\t\t\t\t<div class=\"elementor-widget-container\">\n\t\t\t<style>\/*! elementor - v3.17.0 - 08-11-2023 *\/\n.elementor-widget-text-editor.elementor-drop-cap-view-stacked .elementor-drop-cap{background-color:#69727d;color:#fff}.elementor-widget-text-editor.elementor-drop-cap-view-framed .elementor-drop-cap{color:#69727d;border:3px solid;background-color:transparent}.elementor-widget-text-editor:not(.elementor-drop-cap-view-default) .elementor-drop-cap{margin-top:8px}.elementor-widget-text-editor:not(.elementor-drop-cap-view-default) .elementor-drop-cap-letter{width:1em;height:1em}.elementor-widget-text-editor .elementor-drop-cap{float:left;text-align:center;line-height:1;font-size:50px}.elementor-widget-text-editor .elementor-drop-cap-letter{display:inline-block}<\/style>\t\t\t\t<p>FOLGOS na konferencji <b><a href=\"https:\/\/avfallnorge.no\/kurs-og-arrangementer\/arskonferansen-2023\">\u00c5rskonferansen 2023 &#8211; Avfall Norge<\/a>.<\/b><\/p><p>\u00a0<\/p><p>Dzi\u0119ki zaproszeniu przez naszego kontrahenta, firm\u0119 GEMINOR NO, mieli\u015bmy okazj\u0119 i przyjemno\u015b\u0107 zaprezentowa\u0107 si\u0119 na corocznym spotkaniu bran\u017cowym dotycz\u0105cym gospodarki odpadami w Norwegii jak i ca\u0142ej Europie.<\/p><p>\u00a0<\/p><p>Avfall Norge to Norweskie Stowarzyszenie Gospodarki Odpadami i Recyklingu, kt\u00f3re dzi\u0119ki swojej 30 letniej wiedzy bran\u017cowej s\u0142u\u017cy promowaniu i rozwijaniu spo\u0142ecznej odpowiedzialno\u015bci zwi\u0105zanej z gospodarowaniem odpadami.<\/p><p>\u00a0<\/p><p><a href=\"https:\/\/arskonferansen.avfallnorge.no\/\">https:\/\/arskonferansen.avfallnorge.no\/<\/a><\/p>\t\t\t\t\t\t<\/div>\n\t\t\t\t<\/div>\n\t\t\t\t\t<\/div>\n\t\t<\/div>\n\t\t\t\t\t\t\t<\/div>\n\t\t<\/section>\n\t\t\t\t<section class=\"elementor-section elementor-top-section elementor-element elementor-element-a8e1b3b elementor-section-boxed elementor-section-height-default elementor-section-height-default\" data-id=\"a8e1b3b\" data-element_type=\"section\">\n\t\t\t\t\t\t<div class=\"elementor-container elementor-column-gap-default\">\n\t\t\t\t\t<div class=\"elementor-column elementor-col-100 elementor-top-column elementor-element elementor-element-19563a6\" data-id=\"19563a6\" data-element_type=\"column\">\n\t\t\t<div class=\"elementor-widget-wrap elementor-element-populated\">\n\t\t\t\t\t\t\t\t<div class=\"elementor-element elementor-element-b07e9cc elementor-widget elementor-widget-image\" data-id=\"b07e9cc\" data-element_type=\"widget\" data-widget_type=\"image.default\">\n\t\t\t\t<div class=\"elementor-widget-container\">\n\t\t\t<style>\/*! elementor - v3.17.0 - 08-11-2023 *\/\n.elementor-widget-image{text-align:center}.elementor-widget-image a{display:inline-block}.elementor-widget-image a img[src$=\".svg\"]{width:48px}.elementor-widget-image img{vertical-align:middle;display:inline-block}<\/style>\t\t\t\t\t\t\t\t\t\t\t\t<img loading=\"lazy\" decoding=\"async\" width=\"750\" height=\"550\" src=\"https:\/\/folgos.pl\/pl\/wp-content\/uploads\/2023\/09\/Konferencja-Arskonferansen-2023-Avfall-Norge_2.jpg\" class=\"attachment-large size-large wp-image-15513\" alt=\"\u00c5rskonferansen 2023 - Avfall Norge\" srcset=\"https:\/\/folgos.pl\/pl\/wp-content\/uploads\/2023\/09\/Konferencja-Arskonferansen-2023-Avfall-Norge_2.jpg 750w, https:\/\/folgos.pl\/pl\/wp-content\/uploads\/2023\/09\/Konferencja-Arskonferansen-2023-Avfall-Norge_2-300x220.jpg 300w\" sizes=\"auto, (max-width: 750px) 100vw, 750px\" \/>\t\t\t\t\t\t\t\t\t\t\t\t\t\t\t<\/div>\n\t\t\t\t<\/div>\n\t\t\t\t<div class=\"elementor-element elementor-element-ac4d2b3 elementor-widget elementor-widget-image\" data-id=\"ac4d2b3\" data-element_type=\"widget\" data-widget_type=\"image.default\">\n\t\t\t\t<div class=\"elementor-widget-container\">\n\t\t\t\t\t\t\t\t\t\t\t\t\t\t\t<img loading=\"lazy\" decoding=\"async\" width=\"1000\" height=\"550\" src=\"https:\/\/folgos.pl\/pl\/wp-content\/uploads\/2023\/09\/Konferencja-Arskonferansen-2023-Avfall-Norge_1.jpg\" class=\"attachment-large size-large wp-image-15512\" alt=\"\u00c5rskonferansen 2023 - Avfall Norge\" srcset=\"https:\/\/folgos.pl\/pl\/wp-content\/uploads\/2023\/09\/Konferencja-Arskonferansen-2023-Avfall-Norge_1.jpg 1000w, https:\/\/folgos.pl\/pl\/wp-content\/uploads\/2023\/09\/Konferencja-Arskonferansen-2023-Avfall-Norge_1-300x165.jpg 300w, https:\/\/folgos.pl\/pl\/wp-content\/uploads\/2023\/09\/Konferencja-Arskonferansen-2023-Avfall-Norge_1-768x422.jpg 768w\" sizes=\"auto, (max-width: 1000px) 100vw, 1000px\" \/>\t\t\t\t\t\t\t\t\t\t\t\t\t\t\t<\/div>\n\t\t\t\t<\/div>\n\t\t\t\t\t<\/div>\n\t\t<\/div>\n\t\t\t\t\t\t\t<\/div>\n\t\t<\/section>\n\t\t\t\t\t\t\t<\/div>\n\t\t","protected":false},"excerpt":{"rendered":"<p>FOLGOS na konferencji \u00c5rskonferansen 2023 &#8211; Avfall Norge. \u00a0 Dzi\u0119ki zaproszeniu przez naszego kontrahenta, firm\u0119 GEMINOR NO, mieli\u015bmy okazj\u0119 i przyjemno\u015b\u0107 zaprezentowa\u0107 si\u0119 na corocznym spotkaniu bran\u017cowym dotycz\u0105cym gospodarki odpadami w Norwegii jak i ca\u0142ej Europie. \u00a0 Avfall Norge to Norweskie Stowarzyszenie Gospodarki Odpadami i Recyklingu, kt\u00f3re dzi\u0119ki swojej 30 letniej wiedzy bran\u017cowej s\u0142u\u017cy promowaniu [&hellip;]<\/p>\n","protected":false},"author":3,"featured_media":15514,"comment_status":"closed","ping_status":"closed","sticky":false,"template":"","format":"standard","meta":{"footnotes":""},"categories":[61],"tags":[],"class_list":["post-15511","post","type-post","status-publish","format-standard","has-post-thumbnail","hentry","category-aktualnosci-pl"],"yoast_head":"<!-- This site is optimized with the Yoast SEO plugin v23.9 - https:\/\/yoast.com\/wordpress\/plugins\/seo\/ -->\n<title>\u00c5rskonferansen 2023 - Avfall Norge &#8212; FOLGOS<\/title>\n<meta name=\"robots\" content=\"index, follow, max-snippet:-1, max-image-preview:large, max-video-preview:-1\" \/>\n<link rel=\"canonical\" href=\"https:\/\/folgos.pl\/pl\/2023\/09\/06\/konferencja-arskonferansen-2023-avfall-norge\/\" \/>\n<meta property=\"og:locale\" content=\"pl_PL\" \/>\n<meta property=\"og:type\" content=\"article\" \/>\n<meta property=\"og:title\" content=\"\u00c5rskonferansen 2023 - Avfall Norge &#8212; FOLGOS\" \/>\n<meta property=\"og:description\" content=\"FOLGOS na konferencji \u00c5rskonferansen 2023 &#8211; Avfall Norge. \u00a0 Dzi\u0119ki zaproszeniu przez naszego kontrahenta, firm\u0119 GEMINOR NO, mieli\u015bmy okazj\u0119 i przyjemno\u015b\u0107 zaprezentowa\u0107 si\u0119 na corocznym spotkaniu bran\u017cowym dotycz\u0105cym gospodarki odpadami w Norwegii jak i ca\u0142ej Europie. \u00a0 Avfall Norge to Norweskie Stowarzyszenie Gospodarki Odpadami i Recyklingu, kt\u00f3re dzi\u0119ki swojej 30 letniej wiedzy bran\u017cowej s\u0142u\u017cy promowaniu [&hellip;]\" \/>\n<meta property=\"og:url\" content=\"https:\/\/folgos.pl\/pl\/2023\/09\/06\/konferencja-arskonferansen-2023-avfall-norge\/\" \/>\n<meta property=\"og:site_name\" content=\"FOLGOS\" \/>\n<meta property=\"article:publisher\" content=\"https:\/\/www.facebook.com\/Folgos.Polska\" \/>\n<meta property=\"article:published_time\" content=\"2023-09-06T11:04:35+00:00\" \/>\n<meta property=\"article:modified_time\" content=\"2023-09-28T14:46:26+00:00\" \/>\n<meta property=\"og:image\" content=\"https:\/\/folgos.pl\/pl\/wp-content\/uploads\/2023\/09\/Konferencja-Arskonferansen-2023-Avfall-Norge_3.jpg\" \/>\n\t<meta property=\"og:image:width\" content=\"750\" \/>\n\t<meta property=\"og:image:height\" content=\"550\" \/>\n\t<meta property=\"og:image:type\" content=\"image\/jpeg\" \/>\n<meta name=\"author\" content=\"biuro@iclouders.pl\" \/>\n<meta name=\"twitter:card\" content=\"summary_large_image\" \/>\n<meta name=\"twitter:label1\" content=\"Napisane przez\" \/>\n\t<meta name=\"twitter:data1\" content=\"biuro@iclouders.pl\" \/>\n<script type=\"application\/ld+json\" class=\"yoast-schema-graph\">{\"@context\":\"https:\/\/schema.org\",\"@graph\":[{\"@type\":\"Article\",\"@id\":\"https:\/\/folgos.pl\/pl\/2023\/09\/06\/konferencja-arskonferansen-2023-avfall-norge\/#article\",\"isPartOf\":{\"@id\":\"https:\/\/folgos.pl\/pl\/2023\/09\/06\/konferencja-arskonferansen-2023-avfall-norge\/\"},\"author\":{\"name\":\"biuro@iclouders.pl\",\"@id\":\"https:\/\/folgos.pl\/pl\/#\/schema\/person\/0587de1c6bd7a707b32022a06dc5af78\"},\"headline\":\"\u00c5rskonferansen 2023 &#8211; Avfall Norge\",\"datePublished\":\"2023-09-06T11:04:35+00:00\",\"dateModified\":\"2023-09-28T14:46:26+00:00\",\"mainEntityOfPage\":{\"@id\":\"https:\/\/folgos.pl\/pl\/2023\/09\/06\/konferencja-arskonferansen-2023-avfall-norge\/\"},\"wordCount\":80,\"publisher\":{\"@id\":\"https:\/\/folgos.pl\/pl\/#organization\"},\"image\":{\"@id\":\"https:\/\/folgos.pl\/pl\/2023\/09\/06\/konferencja-arskonferansen-2023-avfall-norge\/#primaryimage\"},\"thumbnailUrl\":\"https:\/\/folgos.pl\/pl\/wp-content\/uploads\/2023\/09\/Konferencja-Arskonferansen-2023-Avfall-Norge_3.jpg\",\"articleSection\":[\"Aktualno\u015bci\"],\"inLanguage\":\"pl-PL\"},{\"@type\":\"WebPage\",\"@id\":\"https:\/\/folgos.pl\/pl\/2023\/09\/06\/konferencja-arskonferansen-2023-avfall-norge\/\",\"url\":\"https:\/\/folgos.pl\/pl\/2023\/09\/06\/konferencja-arskonferansen-2023-avfall-norge\/\",\"name\":\"\u00c5rskonferansen 2023 - Avfall Norge &#8212; FOLGOS\",\"isPartOf\":{\"@id\":\"https:\/\/folgos.pl\/pl\/#website\"},\"primaryImageOfPage\":{\"@id\":\"https:\/\/folgos.pl\/pl\/2023\/09\/06\/konferencja-arskonferansen-2023-avfall-norge\/#primaryimage\"},\"image\":{\"@id\":\"https:\/\/folgos.pl\/pl\/2023\/09\/06\/konferencja-arskonferansen-2023-avfall-norge\/#primaryimage\"},\"thumbnailUrl\":\"https:\/\/folgos.pl\/pl\/wp-content\/uploads\/2023\/09\/Konferencja-Arskonferansen-2023-Avfall-Norge_3.jpg\",\"datePublished\":\"2023-09-06T11:04:35+00:00\",\"dateModified\":\"2023-09-28T14:46:26+00:00\",\"breadcrumb\":{\"@id\":\"https:\/\/folgos.pl\/pl\/2023\/09\/06\/konferencja-arskonferansen-2023-avfall-norge\/#breadcrumb\"},\"inLanguage\":\"pl-PL\",\"potentialAction\":[{\"@type\":\"ReadAction\",\"target\":[\"https:\/\/folgos.pl\/pl\/2023\/09\/06\/konferencja-arskonferansen-2023-avfall-norge\/\"]}]},{\"@type\":\"ImageObject\",\"inLanguage\":\"pl-PL\",\"@id\":\"https:\/\/folgos.pl\/pl\/2023\/09\/06\/konferencja-arskonferansen-2023-avfall-norge\/#primaryimage\",\"url\":\"https:\/\/folgos.pl\/pl\/wp-content\/uploads\/2023\/09\/Konferencja-Arskonferansen-2023-Avfall-Norge_3.jpg\",\"contentUrl\":\"https:\/\/folgos.pl\/pl\/wp-content\/uploads\/2023\/09\/Konferencja-Arskonferansen-2023-Avfall-Norge_3.jpg\",\"width\":750,\"height\":550,\"caption\":\"\u00c5rskonferansen 2023 - Avfall Norge\"},{\"@type\":\"BreadcrumbList\",\"@id\":\"https:\/\/folgos.pl\/pl\/2023\/09\/06\/konferencja-arskonferansen-2023-avfall-norge\/#breadcrumb\",\"itemListElement\":[{\"@type\":\"ListItem\",\"position\":1,\"name\":\"Strona g\u0142\u00f3wna\",\"item\":\"https:\/\/folgos.pl\/pl\/\"},{\"@type\":\"ListItem\",\"position\":2,\"name\":\"\u00c5rskonferansen 2023 &#8211; Avfall Norge\"}]},{\"@type\":\"WebSite\",\"@id\":\"https:\/\/folgos.pl\/pl\/#website\",\"url\":\"https:\/\/folgos.pl\/pl\/\",\"name\":\"FOLGOS - producent ekologicznej folii\",\"description\":\"\u0141\u0105czymy jako\u015b\u0107 z ekologi\u0105\",\"publisher\":{\"@id\":\"https:\/\/folgos.pl\/pl\/#organization\"},\"potentialAction\":[{\"@type\":\"SearchAction\",\"target\":{\"@type\":\"EntryPoint\",\"urlTemplate\":\"https:\/\/folgos.pl\/pl\/?s={search_term_string}\"},\"query-input\":{\"@type\":\"PropertyValueSpecification\",\"valueRequired\":true,\"valueName\":\"search_term_string\"}}],\"inLanguage\":\"pl-PL\"},{\"@type\":\"Organization\",\"@id\":\"https:\/\/folgos.pl\/pl\/#organization\",\"name\":\"FOLGOS\",\"url\":\"https:\/\/folgos.pl\/pl\/\",\"logo\":{\"@type\":\"ImageObject\",\"inLanguage\":\"pl-PL\",\"@id\":\"https:\/\/folgos.pl\/pl\/#\/schema\/logo\/image\/\",\"url\":\"https:\/\/folgos.pl\/pl\/wp-content\/uploads\/2023\/06\/Folgos_logo_RGB_v17-05-23.png\",\"contentUrl\":\"https:\/\/folgos.pl\/pl\/wp-content\/uploads\/2023\/06\/Folgos_logo_RGB_v17-05-23.png\",\"width\":439,\"height\":178,\"caption\":\"FOLGOS\"},\"image\":{\"@id\":\"https:\/\/folgos.pl\/pl\/#\/schema\/logo\/image\/\"},\"sameAs\":[\"https:\/\/www.facebook.com\/Folgos.Polska\",\"https:\/\/www.linkedin.com\/company\/folgos\/\"]},{\"@type\":\"Person\",\"@id\":\"https:\/\/folgos.pl\/pl\/#\/schema\/person\/0587de1c6bd7a707b32022a06dc5af78\",\"name\":\"biuro@iclouders.pl\",\"image\":{\"@type\":\"ImageObject\",\"inLanguage\":\"pl-PL\",\"@id\":\"https:\/\/folgos.pl\/pl\/#\/schema\/person\/image\/\",\"url\":\"https:\/\/secure.gravatar.com\/avatar\/691b26a3a725a108eda9206cd0366a0fb607886820a7a78592d9e648da288864?s=96&d=mm&r=g\",\"contentUrl\":\"https:\/\/secure.gravatar.com\/avatar\/691b26a3a725a108eda9206cd0366a0fb607886820a7a78592d9e648da288864?s=96&d=mm&r=g\",\"caption\":\"biuro@iclouders.pl\"},\"sameAs\":[\"https:\/\/iclouders.pl\"]}]}<\/script>\n<!-- \/ Yoast SEO plugin. -->","yoast_head_json":{"title":"\u00c5rskonferansen 2023 - Avfall Norge &#8212; FOLGOS","robots":{"index":"index","follow":"follow","max-snippet":"max-snippet:-1","max-image-preview":"max-image-preview:large","max-video-preview":"max-video-preview:-1"},"canonical":"https:\/\/folgos.pl\/pl\/2023\/09\/06\/konferencja-arskonferansen-2023-avfall-norge\/","og_locale":"pl_PL","og_type":"article","og_title":"\u00c5rskonferansen 2023 - Avfall Norge &#8212; FOLGOS","og_description":"FOLGOS na konferencji \u00c5rskonferansen 2023 &#8211; Avfall Norge. \u00a0 Dzi\u0119ki zaproszeniu przez naszego kontrahenta, firm\u0119 GEMINOR NO, mieli\u015bmy okazj\u0119 i przyjemno\u015b\u0107 zaprezentowa\u0107 si\u0119 na corocznym spotkaniu bran\u017cowym dotycz\u0105cym gospodarki odpadami w Norwegii jak i ca\u0142ej Europie. \u00a0 Avfall Norge to Norweskie Stowarzyszenie Gospodarki Odpadami i Recyklingu, kt\u00f3re dzi\u0119ki swojej 30 letniej wiedzy bran\u017cowej s\u0142u\u017cy promowaniu [&hellip;]","og_url":"https:\/\/folgos.pl\/pl\/2023\/09\/06\/konferencja-arskonferansen-2023-avfall-norge\/","og_site_name":"FOLGOS","article_publisher":"https:\/\/www.facebook.com\/Folgos.Polska","article_published_time":"2023-09-06T11:04:35+00:00","article_modified_time":"2023-09-28T14:46:26+00:00","og_image":[{"width":750,"height":550,"url":"https:\/\/folgos.pl\/pl\/wp-content\/uploads\/2023\/09\/Konferencja-Arskonferansen-2023-Avfall-Norge_3.jpg","type":"image\/jpeg"}],"author":"biuro@iclouders.pl","twitter_card":"summary_large_image","twitter_misc":{"Napisane przez":"biuro@iclouders.pl"},"schema":{"@context":"https:\/\/schema.org","@graph":[{"@type":"Article","@id":"https:\/\/folgos.pl\/pl\/2023\/09\/06\/konferencja-arskonferansen-2023-avfall-norge\/#article","isPartOf":{"@id":"https:\/\/folgos.pl\/pl\/2023\/09\/06\/konferencja-arskonferansen-2023-avfall-norge\/"},"author":{"name":"biuro@iclouders.pl","@id":"https:\/\/folgos.pl\/pl\/#\/schema\/person\/0587de1c6bd7a707b32022a06dc5af78"},"headline":"\u00c5rskonferansen 2023 &#8211; Avfall Norge","datePublished":"2023-09-06T11:04:35+00:00","dateModified":"2023-09-28T14:46:26+00:00","mainEntityOfPage":{"@id":"https:\/\/folgos.pl\/pl\/2023\/09\/06\/konferencja-arskonferansen-2023-avfall-norge\/"},"wordCount":80,"publisher":{"@id":"https:\/\/folgos.pl\/pl\/#organization"},"image":{"@id":"https:\/\/folgos.pl\/pl\/2023\/09\/06\/konferencja-arskonferansen-2023-avfall-norge\/#primaryimage"},"thumbnailUrl":"https:\/\/folgos.pl\/pl\/wp-content\/uploads\/2023\/09\/Konferencja-Arskonferansen-2023-Avfall-Norge_3.jpg","articleSection":["Aktualno\u015bci"],"inLanguage":"pl-PL"},{"@type":"WebPage","@id":"https:\/\/folgos.pl\/pl\/2023\/09\/06\/konferencja-arskonferansen-2023-avfall-norge\/","url":"https:\/\/folgos.pl\/pl\/2023\/09\/06\/konferencja-arskonferansen-2023-avfall-norge\/","name":"\u00c5rskonferansen 2023 - Avfall Norge &#8212; FOLGOS","isPartOf":{"@id":"https:\/\/folgos.pl\/pl\/#website"},"primaryImageOfPage":{"@id":"https:\/\/folgos.pl\/pl\/2023\/09\/06\/konferencja-arskonferansen-2023-avfall-norge\/#primaryimage"},"image":{"@id":"https:\/\/folgos.pl\/pl\/2023\/09\/06\/konferencja-arskonferansen-2023-avfall-norge\/#primaryimage"},"thumbnailUrl":"https:\/\/folgos.pl\/pl\/wp-content\/uploads\/2023\/09\/Konferencja-Arskonferansen-2023-Avfall-Norge_3.jpg","datePublished":"2023-09-06T11:04:35+00:00","dateModified":"2023-09-28T14:46:26+00:00","breadcrumb":{"@id":"https:\/\/folgos.pl\/pl\/2023\/09\/06\/konferencja-arskonferansen-2023-avfall-norge\/#breadcrumb"},"inLanguage":"pl-PL","potentialAction":[{"@type":"ReadAction","target":["https:\/\/folgos.pl\/pl\/2023\/09\/06\/konferencja-arskonferansen-2023-avfall-norge\/"]}]},{"@type":"ImageObject","inLanguage":"pl-PL","@id":"https:\/\/folgos.pl\/pl\/2023\/09\/06\/konferencja-arskonferansen-2023-avfall-norge\/#primaryimage","url":"https:\/\/folgos.pl\/pl\/wp-content\/uploads\/2023\/09\/Konferencja-Arskonferansen-2023-Avfall-Norge_3.jpg","contentUrl":"https:\/\/folgos.pl\/pl\/wp-content\/uploads\/2023\/09\/Konferencja-Arskonferansen-2023-Avfall-Norge_3.jpg","width":750,"height":550,"caption":"\u00c5rskonferansen 2023 - Avfall Norge"},{"@type":"BreadcrumbList","@id":"https:\/\/folgos.pl\/pl\/2023\/09\/06\/konferencja-arskonferansen-2023-avfall-norge\/#breadcrumb","itemListElement":[{"@type":"ListItem","position":1,"name":"Strona g\u0142\u00f3wna","item":"https:\/\/folgos.pl\/pl\/"},{"@type":"ListItem","position":2,"name":"\u00c5rskonferansen 2023 &#8211; Avfall Norge"}]},{"@type":"WebSite","@id":"https:\/\/folgos.pl\/pl\/#website","url":"https:\/\/folgos.pl\/pl\/","name":"FOLGOS - producent ekologicznej folii","description":"\u0141\u0105czymy jako\u015b\u0107 z ekologi\u0105","publisher":{"@id":"https:\/\/folgos.pl\/pl\/#organization"},"potentialAction":[{"@type":"SearchAction","target":{"@type":"EntryPoint","urlTemplate":"https:\/\/folgos.pl\/pl\/?s={search_term_string}"},"query-input":{"@type":"PropertyValueSpecification","valueRequired":true,"valueName":"search_term_string"}}],"inLanguage":"pl-PL"},{"@type":"Organization","@id":"https:\/\/folgos.pl\/pl\/#organization","name":"FOLGOS","url":"https:\/\/folgos.pl\/pl\/","logo":{"@type":"ImageObject","inLanguage":"pl-PL","@id":"https:\/\/folgos.pl\/pl\/#\/schema\/logo\/image\/","url":"https:\/\/folgos.pl\/pl\/wp-content\/uploads\/2023\/06\/Folgos_logo_RGB_v17-05-23.png","contentUrl":"https:\/\/folgos.pl\/pl\/wp-content\/uploads\/2023\/06\/Folgos_logo_RGB_v17-05-23.png","width":439,"height":178,"caption":"FOLGOS"},"image":{"@id":"https:\/\/folgos.pl\/pl\/#\/schema\/logo\/image\/"},"sameAs":["https:\/\/www.facebook.com\/Folgos.Polska","https:\/\/www.linkedin.com\/company\/folgos\/"]},{"@type":"Person","@id":"https:\/\/folgos.pl\/pl\/#\/schema\/person\/0587de1c6bd7a707b32022a06dc5af78","name":"biuro@iclouders.pl","image":{"@type":"ImageObject","inLanguage":"pl-PL","@id":"https:\/\/folgos.pl\/pl\/#\/schema\/person\/image\/","url":"https:\/\/secure.gravatar.com\/avatar\/691b26a3a725a108eda9206cd0366a0fb607886820a7a78592d9e648da288864?s=96&d=mm&r=g","contentUrl":"https:\/\/secure.gravatar.com\/avatar\/691b26a3a725a108eda9206cd0366a0fb607886820a7a78592d9e648da288864?s=96&d=mm&r=g","caption":"biuro@iclouders.pl"},"sameAs":["https:\/\/iclouders.pl"]}]}},"_links":{"self":[{"href":"https:\/\/folgos.pl\/pl\/wp-json\/wp\/v2\/posts\/15511","targetHints":{"allow":["GET"]}}],"collection":[{"href":"https:\/\/folgos.pl\/pl\/wp-json\/wp\/v2\/posts"}],"about":[{"href":"https:\/\/folgos.pl\/pl\/wp-json\/wp\/v2\/types\/post"}],"author":[{"embeddable":true,"href":"https:\/\/folgos.pl\/pl\/wp-json\/wp\/v2\/users\/3"}],"replies":[{"embeddable":true,"href":"https:\/\/folgos.pl\/pl\/wp-json\/wp\/v2\/comments?post=15511"}],"version-history":[{"count":16,"href":"https:\/\/folgos.pl\/pl\/wp-json\/wp\/v2\/posts\/15511\/revisions"}],"predecessor-version":[{"id":15547,"href":"https:\/\/folgos.pl\/pl\/wp-json\/wp\/v2\/posts\/15511\/revisions\/15547"}],"wp:featuredmedia":[{"embeddable":true,"href":"https:\/\/folgos.pl\/pl\/wp-json\/wp\/v2\/media\/15514"}],"wp:attachment":[{"href":"https:\/\/folgos.pl\/pl\/wp-json\/wp\/v2\/media?parent=15511"}],"wp:term":[{"taxonomy":"category","embeddable":true,"href":"https:\/\/folgos.pl\/pl\/wp-json\/wp\/v2\/categories?post=15511"},{"taxonomy":"post_tag","embeddable":true,"href":"https:\/\/folgos.pl\/pl\/wp-json\/wp\/v2\/tags?post=15511"}],"curies":[{"name":"wp","href":"https:\/\/api.w.org\/{rel}","templated":true}]}}