{"id":15570,"date":"2023-09-25T09:30:00","date_gmt":"2023-09-25T07:30:00","guid":{"rendered":"https:\/\/folgos.pl\/pl\/?p=15570"},"modified":"2023-09-28T16:46:19","modified_gmt":"2023-09-28T14:46:19","slug":"targi-agro-show-bednary","status":"publish","type":"post","link":"https:\/\/folgos.pl\/pl\/2023\/09\/25\/targi-agro-show-bednary\/","title":{"rendered":"Targi AGRO SHOW Bednary"},"content":{"rendered":"\t\t<div data-elementor-type=\"wp-post\" data-elementor-id=\"15570\" class=\"elementor elementor-15570\">\n\t\t\t\t\t\t\t\t\t<section class=\"elementor-section elementor-top-section elementor-element elementor-element-614ed87c elementor-section-boxed elementor-section-height-default elementor-section-height-default\" data-id=\"614ed87c\" data-element_type=\"section\">\n\t\t\t\t\t\t<div class=\"elementor-container elementor-column-gap-default\">\n\t\t\t\t\t<div class=\"elementor-column elementor-col-100 elementor-top-column elementor-element elementor-element-1af84906\" data-id=\"1af84906\" data-element_type=\"column\">\n\t\t\t<div class=\"elementor-widget-wrap elementor-element-populated\">\n\t\t\t\t\t\t\t\t<div class=\"elementor-element elementor-element-62370d45 elementor-widget elementor-widget-text-editor\" data-id=\"62370d45\" data-element_type=\"widget\" data-widget_type=\"text-editor.default\">\n\t\t\t\t<div class=\"elementor-widget-container\">\n\t\t\t<style>\/*! elementor - v3.17.0 - 08-11-2023 *\/\n.elementor-widget-text-editor.elementor-drop-cap-view-stacked .elementor-drop-cap{background-color:#69727d;color:#fff}.elementor-widget-text-editor.elementor-drop-cap-view-framed .elementor-drop-cap{color:#69727d;border:3px solid;background-color:transparent}.elementor-widget-text-editor:not(.elementor-drop-cap-view-default) .elementor-drop-cap{margin-top:8px}.elementor-widget-text-editor:not(.elementor-drop-cap-view-default) .elementor-drop-cap-letter{width:1em;height:1em}.elementor-widget-text-editor .elementor-drop-cap{float:left;text-align:center;line-height:1;font-size:50px}.elementor-widget-text-editor .elementor-drop-cap-letter{display:inline-block}<\/style>\t\t\t\t<p>Ostatni dzie\u0144 targ\u00f3w Agro Show w Bednarach zaskoczy\u0142 nas pi\u0119knym s\u0142o\u0144cem. Niedzielny poranek i wspania\u0142a pogoda zach\u0119ci\u0142a wielu uczestnik\u00f3w do odwiedzenia naszego stoiska. Wi\u0119kszo\u015b\u0107 go\u015bci stanowili rolnicy ze swoimi rodzinami. Ju\u017c od wczesnych godzin porannych tworzy\u0142y si\u0119 kolejki przed wej\u015bciem na teren targowy.<\/p><p>\u00a0<\/p><p>Na stoisku Folgos, opr\u00f3cz folii do owijania balot\u00f3w, mieli\u015bmy okazj\u0119 zaprezentowa\u0107 najnowsze produkty &#8211; foli\u0119 stretch przemys\u0142ow\u0105 do owijania palet.\u00a0 W\u015br\u00f3d naszych rozm\u00f3wc\u00f3w znalaz\u0142y si\u0119 osoby zainteresowane t\u0105 ekologiczn\u0105 foli\u0105 r\u0119czn\u0105 i maszynow\u0105, wykonan\u0105 podobnie jak folia <a href=\"https:\/\/folgos.pl\/pl\/wp-content\/uploads\/2023\/08\/ecoAGRO_PL_v14-06-23_mail_folgos.pdf\"><strong>ecoAGRO<\/strong><\/a> wy\u0142\u0105cznie z regranulatu.<\/p><p>\u00a0<\/p><p>Go\u015bcie odwiedzaj\u0105cy Folgos, stanowili w wi\u0119kszo\u015bci Polacy, ale nie zabrak\u0142o r\u00f3wnie\u017c przedstawicieli innych kraj\u00f3w m.in. Rumunii, Czech, Austrii, Bia\u0142orusi, Chin i Brazylii. Wszyscy zainteresowani otrzymali informacje o gamie dost\u0119pnych produkt\u00f3w oraz szczeg\u00f3\u0142owe informacje techniczne.<\/p><p>\u00a0<\/p><p>Dla najm\u0142odszych uczestnik\u00f3w targ\u00f3w przewidziane by\u0142y drobne upominki w postaci gad\u017cet\u00f3w firmowych m.in. smycze, torby i czapeczki.<\/p><p>Targi Agro Show by\u0142y te\u017c \u015bwietn\u0105 okazj\u0105, aby zaprezentowa\u0107 foli\u0119 <a href=\"https:\/\/folgos.pl\/pl\/wp-content\/uploads\/2023\/08\/ecoAGRO_PL_v14-06-23_mail_folgos.pdf\"><strong>ecoAGRO<\/strong><\/a> wsp\u00f3lnie z naszym partnerem firm\u0105 UNIA. Na stoisku tego polskiego producenta maszyn i urz\u0105dze\u0144 rolniczych, prezentowane by\u0142y: owijarka zawieszana <strong>Fala E<\/strong> oraz prasoowijarka sta\u0142okomorowa walcowa <strong>Master D,<\/strong> obydwie zaopatrzone w rolki folii naszej produkcji.<\/p><p>\u00a0<\/p><p>Czas targ\u00f3w min\u0105\u0142 bardzo szybko, mamy nadziej\u0119, \u017ce zdobyte kontakty oraz przeprowadzone rozmowy zaowocuj\u0105 w przysz\u0142o\u015bci i pozwol\u0105 rozwin\u0105\u0107 wieloletni\u0105 wsp\u00f3\u0142prac\u0119 z nowymi partnerami biznesowymi.<\/p>\t\t\t\t\t\t<\/div>\n\t\t\t\t<\/div>\n\t\t\t\t\t<\/div>\n\t\t<\/div>\n\t\t\t\t\t\t\t<\/div>\n\t\t<\/section>\n\t\t\t\t<section class=\"elementor-section elementor-top-section elementor-element elementor-element-d114064 elementor-section-boxed elementor-section-height-default elementor-section-height-default\" data-id=\"d114064\" data-element_type=\"section\">\n\t\t\t\t\t\t<div class=\"elementor-container elementor-column-gap-default\">\n\t\t\t\t\t<div class=\"elementor-column elementor-col-100 elementor-top-column elementor-element elementor-element-4912796\" data-id=\"4912796\" data-element_type=\"column\">\n\t\t\t<div class=\"elementor-widget-wrap elementor-element-populated\">\n\t\t\t\t\t\t\t\t<div class=\"elementor-element elementor-element-2b84cee elementor-widget elementor-widget-image\" data-id=\"2b84cee\" data-element_type=\"widget\" data-widget_type=\"image.default\">\n\t\t\t\t<div class=\"elementor-widget-container\">\n\t\t\t<style>\/*! elementor - v3.17.0 - 08-11-2023 *\/\n.elementor-widget-image{text-align:center}.elementor-widget-image a{display:inline-block}.elementor-widget-image a img[src$=\".svg\"]{width:48px}.elementor-widget-image img{vertical-align:middle;display:inline-block}<\/style>\t\t\t\t\t\t\t\t\t\t\t\t<img loading=\"lazy\" decoding=\"async\" width=\"940\" height=\"788\" src=\"https:\/\/folgos.pl\/pl\/wp-content\/uploads\/2023\/09\/2.jpg\" class=\"attachment-large size-large wp-image-15572\" alt=\"Targi AGRO SHOW Bednary - relacja FOLGOS 2\" srcset=\"https:\/\/folgos.pl\/pl\/wp-content\/uploads\/2023\/09\/2.jpg 940w, https:\/\/folgos.pl\/pl\/wp-content\/uploads\/2023\/09\/2-300x251.jpg 300w, https:\/\/folgos.pl\/pl\/wp-content\/uploads\/2023\/09\/2-768x644.jpg 768w\" sizes=\"auto, (max-width: 940px) 100vw, 940px\" \/>\t\t\t\t\t\t\t\t\t\t\t\t\t\t\t<\/div>\n\t\t\t\t<\/div>\n\t\t\t\t\t<\/div>\n\t\t<\/div>\n\t\t\t\t\t\t\t<\/div>\n\t\t<\/section>\n\t\t\t\t<section class=\"elementor-section elementor-top-section elementor-element elementor-element-df6e980 elementor-section-boxed elementor-section-height-default elementor-section-height-default\" data-id=\"df6e980\" data-element_type=\"section\">\n\t\t\t\t\t\t<div class=\"elementor-container elementor-column-gap-default\">\n\t\t\t\t\t<div class=\"elementor-column elementor-col-50 elementor-top-column elementor-element elementor-element-ad33add\" data-id=\"ad33add\" data-element_type=\"column\">\n\t\t\t<div class=\"elementor-widget-wrap elementor-element-populated\">\n\t\t\t\t\t\t\t\t<div class=\"elementor-element elementor-element-ac7a716 elementor-widget elementor-widget-image\" data-id=\"ac7a716\" data-element_type=\"widget\" data-widget_type=\"image.default\">\n\t\t\t\t<div class=\"elementor-widget-container\">\n\t\t\t\t\t\t\t\t\t\t\t\t\t\t\t<img loading=\"lazy\" decoding=\"async\" width=\"940\" height=\"788\" src=\"https:\/\/folgos.pl\/pl\/wp-content\/uploads\/2023\/09\/1.jpg\" class=\"attachment-large size-large wp-image-15571\" alt=\"Targi AGRO SHOW Bednary - relacja FOLGOS 1\" srcset=\"https:\/\/folgos.pl\/pl\/wp-content\/uploads\/2023\/09\/1.jpg 940w, https:\/\/folgos.pl\/pl\/wp-content\/uploads\/2023\/09\/1-300x251.jpg 300w, https:\/\/folgos.pl\/pl\/wp-content\/uploads\/2023\/09\/1-768x644.jpg 768w\" sizes=\"auto, (max-width: 940px) 100vw, 940px\" \/>\t\t\t\t\t\t\t\t\t\t\t\t\t\t\t<\/div>\n\t\t\t\t<\/div>\n\t\t\t\t\t<\/div>\n\t\t<\/div>\n\t\t\t\t<div class=\"elementor-column elementor-col-50 elementor-top-column elementor-element elementor-element-301d9eb\" data-id=\"301d9eb\" data-element_type=\"column\">\n\t\t\t<div class=\"elementor-widget-wrap elementor-element-populated\">\n\t\t\t\t\t\t\t\t<div class=\"elementor-element elementor-element-3051518 elementor-widget elementor-widget-image\" data-id=\"3051518\" data-element_type=\"widget\" data-widget_type=\"image.default\">\n\t\t\t\t<div class=\"elementor-widget-container\">\n\t\t\t\t\t\t\t\t\t\t\t\t\t\t\t<img loading=\"lazy\" decoding=\"async\" width=\"940\" height=\"788\" src=\"https:\/\/folgos.pl\/pl\/wp-content\/uploads\/2023\/09\/3.jpg\" class=\"attachment-large size-large wp-image-15573\" alt=\"Targi AGRO SHOW Bednary - relacja FOLGOS 3\" srcset=\"https:\/\/folgos.pl\/pl\/wp-content\/uploads\/2023\/09\/3.jpg 940w, https:\/\/folgos.pl\/pl\/wp-content\/uploads\/2023\/09\/3-300x251.jpg 300w, https:\/\/folgos.pl\/pl\/wp-content\/uploads\/2023\/09\/3-768x644.jpg 768w\" sizes=\"auto, (max-width: 940px) 100vw, 940px\" \/>\t\t\t\t\t\t\t\t\t\t\t\t\t\t\t<\/div>\n\t\t\t\t<\/div>\n\t\t\t\t\t<\/div>\n\t\t<\/div>\n\t\t\t\t\t\t\t<\/div>\n\t\t<\/section>\n\t\t\t\t\t\t\t<\/div>\n\t\t","protected":false},"excerpt":{"rendered":"<p>Ostatni dzie\u0144 targ\u00f3w Agro Show w Bednarach zaskoczy\u0142 nas pi\u0119knym s\u0142o\u0144cem. Niedzielny poranek i wspania\u0142a pogoda zach\u0119ci\u0142a wielu uczestnik\u00f3w do odwiedzenia naszego stoiska. Wi\u0119kszo\u015b\u0107 go\u015bci stanowili rolnicy ze swoimi rodzinami. Ju\u017c od wczesnych godzin porannych tworzy\u0142y si\u0119 kolejki przed wej\u015bciem na teren targowy. Na stoisku Folgos, opr\u00f3cz folii do owijania balot\u00f3w, mieli\u015bmy okazj\u0119 zaprezentowa\u0107 najnowsze [&hellip;]<\/p>\n","protected":false},"author":3,"featured_media":15571,"comment_status":"closed","ping_status":"closed","sticky":false,"template":"","format":"standard","meta":{"footnotes":""},"categories":[61],"tags":[],"class_list":["post-15570","post","type-post","status-publish","format-standard","has-post-thumbnail","hentry","category-aktualnosci-pl"],"yoast_head":"<!-- This site is optimized with the Yoast SEO plugin v23.9 - https:\/\/yoast.com\/wordpress\/plugins\/seo\/ -->\n<title>Targi AGRO SHOW Bednary &#8212; FOLGOS<\/title>\n<meta name=\"robots\" content=\"index, follow, max-snippet:-1, max-image-preview:large, max-video-preview:-1\" \/>\n<link rel=\"canonical\" href=\"https:\/\/folgos.pl\/pl\/2023\/09\/25\/targi-agro-show-bednary\/\" \/>\n<meta property=\"og:locale\" content=\"pl_PL\" \/>\n<meta property=\"og:type\" content=\"article\" \/>\n<meta property=\"og:title\" content=\"Targi AGRO SHOW Bednary &#8212; FOLGOS\" \/>\n<meta property=\"og:description\" content=\"Ostatni dzie\u0144 targ\u00f3w Agro Show w Bednarach zaskoczy\u0142 nas pi\u0119knym s\u0142o\u0144cem. Niedzielny poranek i wspania\u0142a pogoda zach\u0119ci\u0142a wielu uczestnik\u00f3w do odwiedzenia naszego stoiska. Wi\u0119kszo\u015b\u0107 go\u015bci stanowili rolnicy ze swoimi rodzinami. Ju\u017c od wczesnych godzin porannych tworzy\u0142y si\u0119 kolejki przed wej\u015bciem na teren targowy. Na stoisku Folgos, opr\u00f3cz folii do owijania balot\u00f3w, mieli\u015bmy okazj\u0119 zaprezentowa\u0107 najnowsze [&hellip;]\" \/>\n<meta property=\"og:url\" content=\"https:\/\/folgos.pl\/pl\/2023\/09\/25\/targi-agro-show-bednary\/\" \/>\n<meta property=\"og:site_name\" content=\"FOLGOS\" \/>\n<meta property=\"article:publisher\" content=\"https:\/\/www.facebook.com\/Folgos.Polska\" \/>\n<meta property=\"article:published_time\" content=\"2023-09-25T07:30:00+00:00\" \/>\n<meta property=\"article:modified_time\" content=\"2023-09-28T14:46:19+00:00\" \/>\n<meta property=\"og:image\" content=\"https:\/\/folgos.pl\/pl\/wp-content\/uploads\/2023\/09\/1.jpg\" \/>\n\t<meta property=\"og:image:width\" content=\"940\" \/>\n\t<meta property=\"og:image:height\" content=\"788\" \/>\n\t<meta property=\"og:image:type\" content=\"image\/jpeg\" \/>\n<meta name=\"author\" content=\"biuro@iclouders.pl\" \/>\n<meta name=\"twitter:card\" content=\"summary_large_image\" \/>\n<meta name=\"twitter:label1\" content=\"Napisane przez\" \/>\n\t<meta name=\"twitter:data1\" content=\"biuro@iclouders.pl\" \/>\n\t<meta name=\"twitter:label2\" content=\"Szacowany czas czytania\" \/>\n\t<meta name=\"twitter:data2\" content=\"1 minuta\" \/>\n<script type=\"application\/ld+json\" class=\"yoast-schema-graph\">{\"@context\":\"https:\/\/schema.org\",\"@graph\":[{\"@type\":\"Article\",\"@id\":\"https:\/\/folgos.pl\/pl\/2023\/09\/25\/targi-agro-show-bednary\/#article\",\"isPartOf\":{\"@id\":\"https:\/\/folgos.pl\/pl\/2023\/09\/25\/targi-agro-show-bednary\/\"},\"author\":{\"name\":\"biuro@iclouders.pl\",\"@id\":\"https:\/\/folgos.pl\/pl\/#\/schema\/person\/0587de1c6bd7a707b32022a06dc5af78\"},\"headline\":\"Targi AGRO SHOW Bednary\",\"datePublished\":\"2023-09-25T07:30:00+00:00\",\"dateModified\":\"2023-09-28T14:46:19+00:00\",\"mainEntityOfPage\":{\"@id\":\"https:\/\/folgos.pl\/pl\/2023\/09\/25\/targi-agro-show-bednary\/\"},\"wordCount\":260,\"publisher\":{\"@id\":\"https:\/\/folgos.pl\/pl\/#organization\"},\"image\":{\"@id\":\"https:\/\/folgos.pl\/pl\/2023\/09\/25\/targi-agro-show-bednary\/#primaryimage\"},\"thumbnailUrl\":\"https:\/\/folgos.pl\/pl\/wp-content\/uploads\/2023\/09\/1.jpg\",\"articleSection\":[\"Aktualno\u015bci\"],\"inLanguage\":\"pl-PL\"},{\"@type\":\"WebPage\",\"@id\":\"https:\/\/folgos.pl\/pl\/2023\/09\/25\/targi-agro-show-bednary\/\",\"url\":\"https:\/\/folgos.pl\/pl\/2023\/09\/25\/targi-agro-show-bednary\/\",\"name\":\"Targi AGRO SHOW Bednary &#8212; FOLGOS\",\"isPartOf\":{\"@id\":\"https:\/\/folgos.pl\/pl\/#website\"},\"primaryImageOfPage\":{\"@id\":\"https:\/\/folgos.pl\/pl\/2023\/09\/25\/targi-agro-show-bednary\/#primaryimage\"},\"image\":{\"@id\":\"https:\/\/folgos.pl\/pl\/2023\/09\/25\/targi-agro-show-bednary\/#primaryimage\"},\"thumbnailUrl\":\"https:\/\/folgos.pl\/pl\/wp-content\/uploads\/2023\/09\/1.jpg\",\"datePublished\":\"2023-09-25T07:30:00+00:00\",\"dateModified\":\"2023-09-28T14:46:19+00:00\",\"breadcrumb\":{\"@id\":\"https:\/\/folgos.pl\/pl\/2023\/09\/25\/targi-agro-show-bednary\/#breadcrumb\"},\"inLanguage\":\"pl-PL\",\"potentialAction\":[{\"@type\":\"ReadAction\",\"target\":[\"https:\/\/folgos.pl\/pl\/2023\/09\/25\/targi-agro-show-bednary\/\"]}]},{\"@type\":\"ImageObject\",\"inLanguage\":\"pl-PL\",\"@id\":\"https:\/\/folgos.pl\/pl\/2023\/09\/25\/targi-agro-show-bednary\/#primaryimage\",\"url\":\"https:\/\/folgos.pl\/pl\/wp-content\/uploads\/2023\/09\/1.jpg\",\"contentUrl\":\"https:\/\/folgos.pl\/pl\/wp-content\/uploads\/2023\/09\/1.jpg\",\"width\":940,\"height\":788,\"caption\":\"Targi AGRO SHOW Bednary - relacja FOLGOS 1\"},{\"@type\":\"BreadcrumbList\",\"@id\":\"https:\/\/folgos.pl\/pl\/2023\/09\/25\/targi-agro-show-bednary\/#breadcrumb\",\"itemListElement\":[{\"@type\":\"ListItem\",\"position\":1,\"name\":\"Strona g\u0142\u00f3wna\",\"item\":\"https:\/\/folgos.pl\/pl\/\"},{\"@type\":\"ListItem\",\"position\":2,\"name\":\"Targi AGRO SHOW Bednary\"}]},{\"@type\":\"WebSite\",\"@id\":\"https:\/\/folgos.pl\/pl\/#website\",\"url\":\"https:\/\/folgos.pl\/pl\/\",\"name\":\"FOLGOS - producent ekologicznej folii\",\"description\":\"\u0141\u0105czymy jako\u015b\u0107 z ekologi\u0105\",\"publisher\":{\"@id\":\"https:\/\/folgos.pl\/pl\/#organization\"},\"potentialAction\":[{\"@type\":\"SearchAction\",\"target\":{\"@type\":\"EntryPoint\",\"urlTemplate\":\"https:\/\/folgos.pl\/pl\/?s={search_term_string}\"},\"query-input\":{\"@type\":\"PropertyValueSpecification\",\"valueRequired\":true,\"valueName\":\"search_term_string\"}}],\"inLanguage\":\"pl-PL\"},{\"@type\":\"Organization\",\"@id\":\"https:\/\/folgos.pl\/pl\/#organization\",\"name\":\"FOLGOS\",\"url\":\"https:\/\/folgos.pl\/pl\/\",\"logo\":{\"@type\":\"ImageObject\",\"inLanguage\":\"pl-PL\",\"@id\":\"https:\/\/folgos.pl\/pl\/#\/schema\/logo\/image\/\",\"url\":\"https:\/\/folgos.pl\/pl\/wp-content\/uploads\/2023\/06\/Folgos_logo_RGB_v17-05-23.png\",\"contentUrl\":\"https:\/\/folgos.pl\/pl\/wp-content\/uploads\/2023\/06\/Folgos_logo_RGB_v17-05-23.png\",\"width\":439,\"height\":178,\"caption\":\"FOLGOS\"},\"image\":{\"@id\":\"https:\/\/folgos.pl\/pl\/#\/schema\/logo\/image\/\"},\"sameAs\":[\"https:\/\/www.facebook.com\/Folgos.Polska\",\"https:\/\/www.linkedin.com\/company\/folgos\/\"]},{\"@type\":\"Person\",\"@id\":\"https:\/\/folgos.pl\/pl\/#\/schema\/person\/0587de1c6bd7a707b32022a06dc5af78\",\"name\":\"biuro@iclouders.pl\",\"image\":{\"@type\":\"ImageObject\",\"inLanguage\":\"pl-PL\",\"@id\":\"https:\/\/folgos.pl\/pl\/#\/schema\/person\/image\/\",\"url\":\"https:\/\/secure.gravatar.com\/avatar\/691b26a3a725a108eda9206cd0366a0fb607886820a7a78592d9e648da288864?s=96&d=mm&r=g\",\"contentUrl\":\"https:\/\/secure.gravatar.com\/avatar\/691b26a3a725a108eda9206cd0366a0fb607886820a7a78592d9e648da288864?s=96&d=mm&r=g\",\"caption\":\"biuro@iclouders.pl\"},\"sameAs\":[\"https:\/\/iclouders.pl\"]}]}<\/script>\n<!-- \/ Yoast SEO plugin. -->","yoast_head_json":{"title":"Targi AGRO SHOW Bednary &#8212; FOLGOS","robots":{"index":"index","follow":"follow","max-snippet":"max-snippet:-1","max-image-preview":"max-image-preview:large","max-video-preview":"max-video-preview:-1"},"canonical":"https:\/\/folgos.pl\/pl\/2023\/09\/25\/targi-agro-show-bednary\/","og_locale":"pl_PL","og_type":"article","og_title":"Targi AGRO SHOW Bednary &#8212; FOLGOS","og_description":"Ostatni dzie\u0144 targ\u00f3w Agro Show w Bednarach zaskoczy\u0142 nas pi\u0119knym s\u0142o\u0144cem. Niedzielny poranek i wspania\u0142a pogoda zach\u0119ci\u0142a wielu uczestnik\u00f3w do odwiedzenia naszego stoiska. Wi\u0119kszo\u015b\u0107 go\u015bci stanowili rolnicy ze swoimi rodzinami. Ju\u017c od wczesnych godzin porannych tworzy\u0142y si\u0119 kolejki przed wej\u015bciem na teren targowy. Na stoisku Folgos, opr\u00f3cz folii do owijania balot\u00f3w, mieli\u015bmy okazj\u0119 zaprezentowa\u0107 najnowsze [&hellip;]","og_url":"https:\/\/folgos.pl\/pl\/2023\/09\/25\/targi-agro-show-bednary\/","og_site_name":"FOLGOS","article_publisher":"https:\/\/www.facebook.com\/Folgos.Polska","article_published_time":"2023-09-25T07:30:00+00:00","article_modified_time":"2023-09-28T14:46:19+00:00","og_image":[{"width":940,"height":788,"url":"https:\/\/folgos.pl\/pl\/wp-content\/uploads\/2023\/09\/1.jpg","type":"image\/jpeg"}],"author":"biuro@iclouders.pl","twitter_card":"summary_large_image","twitter_misc":{"Napisane przez":"biuro@iclouders.pl","Szacowany czas czytania":"1 minuta"},"schema":{"@context":"https:\/\/schema.org","@graph":[{"@type":"Article","@id":"https:\/\/folgos.pl\/pl\/2023\/09\/25\/targi-agro-show-bednary\/#article","isPartOf":{"@id":"https:\/\/folgos.pl\/pl\/2023\/09\/25\/targi-agro-show-bednary\/"},"author":{"name":"biuro@iclouders.pl","@id":"https:\/\/folgos.pl\/pl\/#\/schema\/person\/0587de1c6bd7a707b32022a06dc5af78"},"headline":"Targi AGRO SHOW Bednary","datePublished":"2023-09-25T07:30:00+00:00","dateModified":"2023-09-28T14:46:19+00:00","mainEntityOfPage":{"@id":"https:\/\/folgos.pl\/pl\/2023\/09\/25\/targi-agro-show-bednary\/"},"wordCount":260,"publisher":{"@id":"https:\/\/folgos.pl\/pl\/#organization"},"image":{"@id":"https:\/\/folgos.pl\/pl\/2023\/09\/25\/targi-agro-show-bednary\/#primaryimage"},"thumbnailUrl":"https:\/\/folgos.pl\/pl\/wp-content\/uploads\/2023\/09\/1.jpg","articleSection":["Aktualno\u015bci"],"inLanguage":"pl-PL"},{"@type":"WebPage","@id":"https:\/\/folgos.pl\/pl\/2023\/09\/25\/targi-agro-show-bednary\/","url":"https:\/\/folgos.pl\/pl\/2023\/09\/25\/targi-agro-show-bednary\/","name":"Targi AGRO SHOW Bednary &#8212; FOLGOS","isPartOf":{"@id":"https:\/\/folgos.pl\/pl\/#website"},"primaryImageOfPage":{"@id":"https:\/\/folgos.pl\/pl\/2023\/09\/25\/targi-agro-show-bednary\/#primaryimage"},"image":{"@id":"https:\/\/folgos.pl\/pl\/2023\/09\/25\/targi-agro-show-bednary\/#primaryimage"},"thumbnailUrl":"https:\/\/folgos.pl\/pl\/wp-content\/uploads\/2023\/09\/1.jpg","datePublished":"2023-09-25T07:30:00+00:00","dateModified":"2023-09-28T14:46:19+00:00","breadcrumb":{"@id":"https:\/\/folgos.pl\/pl\/2023\/09\/25\/targi-agro-show-bednary\/#breadcrumb"},"inLanguage":"pl-PL","potentialAction":[{"@type":"ReadAction","target":["https:\/\/folgos.pl\/pl\/2023\/09\/25\/targi-agro-show-bednary\/"]}]},{"@type":"ImageObject","inLanguage":"pl-PL","@id":"https:\/\/folgos.pl\/pl\/2023\/09\/25\/targi-agro-show-bednary\/#primaryimage","url":"https:\/\/folgos.pl\/pl\/wp-content\/uploads\/2023\/09\/1.jpg","contentUrl":"https:\/\/folgos.pl\/pl\/wp-content\/uploads\/2023\/09\/1.jpg","width":940,"height":788,"caption":"Targi AGRO SHOW Bednary - relacja FOLGOS 1"},{"@type":"BreadcrumbList","@id":"https:\/\/folgos.pl\/pl\/2023\/09\/25\/targi-agro-show-bednary\/#breadcrumb","itemListElement":[{"@type":"ListItem","position":1,"name":"Strona g\u0142\u00f3wna","item":"https:\/\/folgos.pl\/pl\/"},{"@type":"ListItem","position":2,"name":"Targi AGRO SHOW Bednary"}]},{"@type":"WebSite","@id":"https:\/\/folgos.pl\/pl\/#website","url":"https:\/\/folgos.pl\/pl\/","name":"FOLGOS - producent ekologicznej folii","description":"\u0141\u0105czymy jako\u015b\u0107 z ekologi\u0105","publisher":{"@id":"https:\/\/folgos.pl\/pl\/#organization"},"potentialAction":[{"@type":"SearchAction","target":{"@type":"EntryPoint","urlTemplate":"https:\/\/folgos.pl\/pl\/?s={search_term_string}"},"query-input":{"@type":"PropertyValueSpecification","valueRequired":true,"valueName":"search_term_string"}}],"inLanguage":"pl-PL"},{"@type":"Organization","@id":"https:\/\/folgos.pl\/pl\/#organization","name":"FOLGOS","url":"https:\/\/folgos.pl\/pl\/","logo":{"@type":"ImageObject","inLanguage":"pl-PL","@id":"https:\/\/folgos.pl\/pl\/#\/schema\/logo\/image\/","url":"https:\/\/folgos.pl\/pl\/wp-content\/uploads\/2023\/06\/Folgos_logo_RGB_v17-05-23.png","contentUrl":"https:\/\/folgos.pl\/pl\/wp-content\/uploads\/2023\/06\/Folgos_logo_RGB_v17-05-23.png","width":439,"height":178,"caption":"FOLGOS"},"image":{"@id":"https:\/\/folgos.pl\/pl\/#\/schema\/logo\/image\/"},"sameAs":["https:\/\/www.facebook.com\/Folgos.Polska","https:\/\/www.linkedin.com\/company\/folgos\/"]},{"@type":"Person","@id":"https:\/\/folgos.pl\/pl\/#\/schema\/person\/0587de1c6bd7a707b32022a06dc5af78","name":"biuro@iclouders.pl","image":{"@type":"ImageObject","inLanguage":"pl-PL","@id":"https:\/\/folgos.pl\/pl\/#\/schema\/person\/image\/","url":"https:\/\/secure.gravatar.com\/avatar\/691b26a3a725a108eda9206cd0366a0fb607886820a7a78592d9e648da288864?s=96&d=mm&r=g","contentUrl":"https:\/\/secure.gravatar.com\/avatar\/691b26a3a725a108eda9206cd0366a0fb607886820a7a78592d9e648da288864?s=96&d=mm&r=g","caption":"biuro@iclouders.pl"},"sameAs":["https:\/\/iclouders.pl"]}]}},"_links":{"self":[{"href":"https:\/\/folgos.pl\/pl\/wp-json\/wp\/v2\/posts\/15570","targetHints":{"allow":["GET"]}}],"collection":[{"href":"https:\/\/folgos.pl\/pl\/wp-json\/wp\/v2\/posts"}],"about":[{"href":"https:\/\/folgos.pl\/pl\/wp-json\/wp\/v2\/types\/post"}],"author":[{"embeddable":true,"href":"https:\/\/folgos.pl\/pl\/wp-json\/wp\/v2\/users\/3"}],"replies":[{"embeddable":true,"href":"https:\/\/folgos.pl\/pl\/wp-json\/wp\/v2\/comments?post=15570"}],"version-history":[{"count":8,"href":"https:\/\/folgos.pl\/pl\/wp-json\/wp\/v2\/posts\/15570\/revisions"}],"predecessor-version":[{"id":15582,"href":"https:\/\/folgos.pl\/pl\/wp-json\/wp\/v2\/posts\/15570\/revisions\/15582"}],"wp:featuredmedia":[{"embeddable":true,"href":"https:\/\/folgos.pl\/pl\/wp-json\/wp\/v2\/media\/15571"}],"wp:attachment":[{"href":"https:\/\/folgos.pl\/pl\/wp-json\/wp\/v2\/media?parent=15570"}],"wp:term":[{"taxonomy":"category","embeddable":true,"href":"https:\/\/folgos.pl\/pl\/wp-json\/wp\/v2\/categories?post=15570"},{"taxonomy":"post_tag","embeddable":true,"href":"https:\/\/folgos.pl\/pl\/wp-json\/wp\/v2\/tags?post=15570"}],"curies":[{"name":"wp","href":"https:\/\/api.w.org\/{rel}","templated":true}]}}