{"id":15870,"date":"2023-10-27T12:00:23","date_gmt":"2023-10-27T10:00:23","guid":{"rendered":"https:\/\/folgos.pl\/pl\/?p=15870"},"modified":"2023-11-06T19:43:21","modified_gmt":"2023-11-06T18:43:21","slug":"konferencja-recyklingowa-2023","status":"publish","type":"post","link":"https:\/\/folgos.pl\/pl\/2023\/10\/27\/konferencja-recyklingowa-2023\/","title":{"rendered":"Konferencja recyklingowa 2023"},"content":{"rendered":"\t\t<div data-elementor-type=\"wp-post\" data-elementor-id=\"15870\" class=\"elementor elementor-15870\">\n\t\t\t\t\t\t\t\t\t<section class=\"elementor-section elementor-top-section elementor-element elementor-element-614ed87c elementor-section-boxed elementor-section-height-default elementor-section-height-default\" data-id=\"614ed87c\" data-element_type=\"section\">\n\t\t\t\t\t\t<div class=\"elementor-container elementor-column-gap-default\">\n\t\t\t\t\t<div class=\"elementor-column elementor-col-100 elementor-top-column elementor-element elementor-element-1af84906\" data-id=\"1af84906\" data-element_type=\"column\">\n\t\t\t<div class=\"elementor-widget-wrap elementor-element-populated\">\n\t\t\t\t\t\t\t\t<div class=\"elementor-element elementor-element-62370d45 elementor-widget elementor-widget-text-editor\" data-id=\"62370d45\" data-element_type=\"widget\" data-widget_type=\"text-editor.default\">\n\t\t\t\t<div class=\"elementor-widget-container\">\n\t\t\t<style>\/*! elementor - v3.17.0 - 08-11-2023 *\/\n.elementor-widget-text-editor.elementor-drop-cap-view-stacked .elementor-drop-cap{background-color:#69727d;color:#fff}.elementor-widget-text-editor.elementor-drop-cap-view-framed .elementor-drop-cap{color:#69727d;border:3px solid;background-color:transparent}.elementor-widget-text-editor:not(.elementor-drop-cap-view-default) .elementor-drop-cap{margin-top:8px}.elementor-widget-text-editor:not(.elementor-drop-cap-view-default) .elementor-drop-cap-letter{width:1em;height:1em}.elementor-widget-text-editor .elementor-drop-cap{float:left;text-align:center;line-height:1;font-size:50px}.elementor-widget-text-editor .elementor-drop-cap-letter{display:inline-block}<\/style>\t\t\t\t<p>W dniu 19 pa\u017adziernika 2023 <strong>FOLGOS<\/strong> uczestniczy\u0142 w Konferencji Recyklingowej, kt\u00f3ra by\u0142a niezwyk\u0142\u0105 okazj\u0105 do spotkania w gronie 80 firm dzia\u0142aj\u0105cych w bran\u017cy recyklingu tworzyw sztucznych.<\/p><p>Mi\u0142o nam poinformowa\u0107, \u017ce <strong>FOLGOS <\/strong>otrzyma\u0142 nagrod\u0119 w kategorii GOSPODARKA OBIEGU ZAMKNI\u0118TEGO, <strong>jako najszybciej rozwijaj\u0105ca si\u0119 firma w tej dziedzinie, <\/strong>kt\u00f3ra w pe\u0142ni realizuje ca\u0142y cykl: od przyj\u0119cia odpad\u00f3w z plastiku i produkcj\u0119 regranulatu, a\u017c po wytworzenie nowego produktu, czyli EKOLOGICZNEJ FOLII STRETCH.<\/p><p><strong>Serdecznie dzi\u0119kujemy za otrzymane wyr\u00f3\u017cnienie!<\/strong><\/p><p>\u0179r\u00f3d\u0142o zdj\u0119\u0107: <a href=\"https:\/\/eplastics.pl\/wiadomosci\/pb\/14917-wstepna-relacja-z-konferencji-recyklingowej-2023\">https:\/\/eplastics.pl\/wiadomosci\/pb\/14917-wstepna-relacja-z-konferencji-recyklingowej-2023<\/a><\/p>\t\t\t\t\t\t<\/div>\n\t\t\t\t<\/div>\n\t\t\t\t\t<\/div>\n\t\t<\/div>\n\t\t\t\t\t\t\t<\/div>\n\t\t<\/section>\n\t\t\t\t<section class=\"elementor-section elementor-top-section elementor-element elementor-element-d114064 elementor-section-boxed elementor-section-height-default elementor-section-height-default\" data-id=\"d114064\" data-element_type=\"section\">\n\t\t\t\t\t\t<div class=\"elementor-container elementor-column-gap-default\">\n\t\t\t\t\t<div class=\"elementor-column elementor-col-100 elementor-top-column elementor-element elementor-element-4912796\" data-id=\"4912796\" data-element_type=\"column\">\n\t\t\t<div class=\"elementor-widget-wrap elementor-element-populated\">\n\t\t\t\t\t\t\t\t<div class=\"elementor-element elementor-element-2b84cee elementor-widget elementor-widget-image\" data-id=\"2b84cee\" data-element_type=\"widget\" data-widget_type=\"image.default\">\n\t\t\t\t<div class=\"elementor-widget-container\">\n\t\t\t<style>\/*! elementor - v3.17.0 - 08-11-2023 *\/\n.elementor-widget-image{text-align:center}.elementor-widget-image a{display:inline-block}.elementor-widget-image a img[src$=\".svg\"]{width:48px}.elementor-widget-image img{vertical-align:middle;display:inline-block}<\/style>\t\t\t\t\t\t\t\t\t\t\t\t<img loading=\"lazy\" decoding=\"async\" width=\"1024\" height=\"683\" src=\"https:\/\/folgos.pl\/pl\/wp-content\/uploads\/2023\/10\/Folgos_konferencja-1024x683.jpg\" class=\"attachment-large size-large wp-image-15751\" alt=\"Folgos_konferencja\" srcset=\"https:\/\/folgos.pl\/pl\/wp-content\/uploads\/2023\/10\/Folgos_konferencja-1024x683.jpg 1024w, https:\/\/folgos.pl\/pl\/wp-content\/uploads\/2023\/10\/Folgos_konferencja-300x200.jpg 300w, https:\/\/folgos.pl\/pl\/wp-content\/uploads\/2023\/10\/Folgos_konferencja-768x512.jpg 768w, https:\/\/folgos.pl\/pl\/wp-content\/uploads\/2023\/10\/Folgos_konferencja.jpg 1500w\" sizes=\"auto, (max-width: 1024px) 100vw, 1024px\" \/>\t\t\t\t\t\t\t\t\t\t\t\t\t\t\t<\/div>\n\t\t\t\t<\/div>\n\t\t\t\t\t<\/div>\n\t\t<\/div>\n\t\t\t\t\t\t\t<\/div>\n\t\t<\/section>\n\t\t\t\t\t\t\t<\/div>\n\t\t","protected":false},"excerpt":{"rendered":"<p>W dniu 19 pa\u017adziernika 2023 FOLGOS uczestniczy\u0142 w Konferencji Recyklingowej, kt\u00f3ra by\u0142a niezwyk\u0142\u0105 okazj\u0105 do spotkania w gronie 80 firm dzia\u0142aj\u0105cych w bran\u017cy recyklingu tworzyw sztucznych. Mi\u0142o nam poinformowa\u0107, \u017ce FOLGOS otrzyma\u0142 nagrod\u0119 w kategorii GOSPODARKA OBIEGU ZAMKNI\u0118TEGO, jako najszybciej rozwijaj\u0105ca si\u0119 firma w tej dziedzinie, kt\u00f3ra w pe\u0142ni realizuje ca\u0142y cykl: od przyj\u0119cia odpad\u00f3w [&hellip;]<\/p>\n","protected":false},"author":5,"featured_media":15752,"comment_status":"closed","ping_status":"closed","sticky":false,"template":"","format":"standard","meta":{"footnotes":""},"categories":[61],"tags":[161,157,159,163,183],"class_list":["post-15870","post","type-post","status-publish","format-standard","has-post-thumbnail","hentry","category-aktualnosci-pl","tag-eco","tag-folgos","tag-folia","tag-konferencja","tag-recykling"],"yoast_head":"<!-- This site is optimized with the Yoast SEO plugin v23.9 - https:\/\/yoast.com\/wordpress\/plugins\/seo\/ -->\n<title>Konferencja recyklingowa 2023 &#8212; FOLGOS<\/title>\n<meta name=\"robots\" content=\"index, follow, max-snippet:-1, max-image-preview:large, max-video-preview:-1\" \/>\n<link rel=\"canonical\" href=\"https:\/\/folgos.pl\/pl\/2023\/10\/27\/konferencja-recyklingowa-2023\/\" \/>\n<meta property=\"og:locale\" content=\"pl_PL\" \/>\n<meta property=\"og:type\" content=\"article\" \/>\n<meta property=\"og:title\" content=\"Konferencja recyklingowa 2023 &#8212; FOLGOS\" \/>\n<meta property=\"og:description\" content=\"W dniu 19 pa\u017adziernika 2023 FOLGOS uczestniczy\u0142 w Konferencji Recyklingowej, kt\u00f3ra by\u0142a niezwyk\u0142\u0105 okazj\u0105 do spotkania w gronie 80 firm dzia\u0142aj\u0105cych w bran\u017cy recyklingu tworzyw sztucznych. Mi\u0142o nam poinformowa\u0107, \u017ce FOLGOS otrzyma\u0142 nagrod\u0119 w kategorii GOSPODARKA OBIEGU ZAMKNI\u0118TEGO, jako najszybciej rozwijaj\u0105ca si\u0119 firma w tej dziedzinie, kt\u00f3ra w pe\u0142ni realizuje ca\u0142y cykl: od przyj\u0119cia odpad\u00f3w [&hellip;]\" \/>\n<meta property=\"og:url\" content=\"https:\/\/folgos.pl\/pl\/2023\/10\/27\/konferencja-recyklingowa-2023\/\" \/>\n<meta property=\"og:site_name\" content=\"FOLGOS\" \/>\n<meta property=\"article:publisher\" content=\"https:\/\/www.facebook.com\/Folgos.Polska\" \/>\n<meta property=\"article:published_time\" content=\"2023-10-27T10:00:23+00:00\" \/>\n<meta property=\"article:modified_time\" content=\"2023-11-06T18:43:21+00:00\" \/>\n<meta property=\"og:image\" content=\"https:\/\/folgos.pl\/pl\/wp-content\/uploads\/2023\/10\/Folgos_statuetki.jpg\" \/>\n\t<meta property=\"og:image:width\" content=\"1500\" \/>\n\t<meta property=\"og:image:height\" content=\"1000\" \/>\n\t<meta property=\"og:image:type\" content=\"image\/jpeg\" \/>\n<meta name=\"author\" content=\"ozelichowska\" \/>\n<meta name=\"twitter:card\" content=\"summary_large_image\" \/>\n<meta name=\"twitter:label1\" content=\"Napisane przez\" \/>\n\t<meta name=\"twitter:data1\" content=\"ozelichowska\" \/>\n<script type=\"application\/ld+json\" class=\"yoast-schema-graph\">{\"@context\":\"https:\/\/schema.org\",\"@graph\":[{\"@type\":\"Article\",\"@id\":\"https:\/\/folgos.pl\/pl\/2023\/10\/27\/konferencja-recyklingowa-2023\/#article\",\"isPartOf\":{\"@id\":\"https:\/\/folgos.pl\/pl\/2023\/10\/27\/konferencja-recyklingowa-2023\/\"},\"author\":{\"name\":\"ozelichowska\",\"@id\":\"https:\/\/folgos.pl\/pl\/#\/schema\/person\/2e9f2854816d86663445ea94f945b7ec\"},\"headline\":\"Konferencja recyklingowa 2023\",\"datePublished\":\"2023-10-27T10:00:23+00:00\",\"dateModified\":\"2023-11-06T18:43:21+00:00\",\"mainEntityOfPage\":{\"@id\":\"https:\/\/folgos.pl\/pl\/2023\/10\/27\/konferencja-recyklingowa-2023\/\"},\"wordCount\":99,\"publisher\":{\"@id\":\"https:\/\/folgos.pl\/pl\/#organization\"},\"image\":{\"@id\":\"https:\/\/folgos.pl\/pl\/2023\/10\/27\/konferencja-recyklingowa-2023\/#primaryimage\"},\"thumbnailUrl\":\"https:\/\/folgos.pl\/pl\/wp-content\/uploads\/2023\/10\/Folgos_statuetki.jpg\",\"keywords\":[\"eco\",\"folgos\",\"folia\",\"konferencja\",\"recykling\"],\"articleSection\":[\"Aktualno\u015bci\"],\"inLanguage\":\"pl-PL\"},{\"@type\":\"WebPage\",\"@id\":\"https:\/\/folgos.pl\/pl\/2023\/10\/27\/konferencja-recyklingowa-2023\/\",\"url\":\"https:\/\/folgos.pl\/pl\/2023\/10\/27\/konferencja-recyklingowa-2023\/\",\"name\":\"Konferencja recyklingowa 2023 &#8212; FOLGOS\",\"isPartOf\":{\"@id\":\"https:\/\/folgos.pl\/pl\/#website\"},\"primaryImageOfPage\":{\"@id\":\"https:\/\/folgos.pl\/pl\/2023\/10\/27\/konferencja-recyklingowa-2023\/#primaryimage\"},\"image\":{\"@id\":\"https:\/\/folgos.pl\/pl\/2023\/10\/27\/konferencja-recyklingowa-2023\/#primaryimage\"},\"thumbnailUrl\":\"https:\/\/folgos.pl\/pl\/wp-content\/uploads\/2023\/10\/Folgos_statuetki.jpg\",\"datePublished\":\"2023-10-27T10:00:23+00:00\",\"dateModified\":\"2023-11-06T18:43:21+00:00\",\"breadcrumb\":{\"@id\":\"https:\/\/folgos.pl\/pl\/2023\/10\/27\/konferencja-recyklingowa-2023\/#breadcrumb\"},\"inLanguage\":\"pl-PL\",\"potentialAction\":[{\"@type\":\"ReadAction\",\"target\":[\"https:\/\/folgos.pl\/pl\/2023\/10\/27\/konferencja-recyklingowa-2023\/\"]}]},{\"@type\":\"ImageObject\",\"inLanguage\":\"pl-PL\",\"@id\":\"https:\/\/folgos.pl\/pl\/2023\/10\/27\/konferencja-recyklingowa-2023\/#primaryimage\",\"url\":\"https:\/\/folgos.pl\/pl\/wp-content\/uploads\/2023\/10\/Folgos_statuetki.jpg\",\"contentUrl\":\"https:\/\/folgos.pl\/pl\/wp-content\/uploads\/2023\/10\/Folgos_statuetki.jpg\",\"width\":1500,\"height\":1000,\"caption\":\"Folgos_statuetki\"},{\"@type\":\"BreadcrumbList\",\"@id\":\"https:\/\/folgos.pl\/pl\/2023\/10\/27\/konferencja-recyklingowa-2023\/#breadcrumb\",\"itemListElement\":[{\"@type\":\"ListItem\",\"position\":1,\"name\":\"Strona g\u0142\u00f3wna\",\"item\":\"https:\/\/folgos.pl\/pl\/\"},{\"@type\":\"ListItem\",\"position\":2,\"name\":\"Konferencja recyklingowa 2023\"}]},{\"@type\":\"WebSite\",\"@id\":\"https:\/\/folgos.pl\/pl\/#website\",\"url\":\"https:\/\/folgos.pl\/pl\/\",\"name\":\"FOLGOS - producent ekologicznej folii\",\"description\":\"\u0141\u0105czymy jako\u015b\u0107 z ekologi\u0105\",\"publisher\":{\"@id\":\"https:\/\/folgos.pl\/pl\/#organization\"},\"potentialAction\":[{\"@type\":\"SearchAction\",\"target\":{\"@type\":\"EntryPoint\",\"urlTemplate\":\"https:\/\/folgos.pl\/pl\/?s={search_term_string}\"},\"query-input\":{\"@type\":\"PropertyValueSpecification\",\"valueRequired\":true,\"valueName\":\"search_term_string\"}}],\"inLanguage\":\"pl-PL\"},{\"@type\":\"Organization\",\"@id\":\"https:\/\/folgos.pl\/pl\/#organization\",\"name\":\"FOLGOS\",\"url\":\"https:\/\/folgos.pl\/pl\/\",\"logo\":{\"@type\":\"ImageObject\",\"inLanguage\":\"pl-PL\",\"@id\":\"https:\/\/folgos.pl\/pl\/#\/schema\/logo\/image\/\",\"url\":\"https:\/\/folgos.pl\/pl\/wp-content\/uploads\/2023\/06\/Folgos_logo_RGB_v17-05-23.png\",\"contentUrl\":\"https:\/\/folgos.pl\/pl\/wp-content\/uploads\/2023\/06\/Folgos_logo_RGB_v17-05-23.png\",\"width\":439,\"height\":178,\"caption\":\"FOLGOS\"},\"image\":{\"@id\":\"https:\/\/folgos.pl\/pl\/#\/schema\/logo\/image\/\"},\"sameAs\":[\"https:\/\/www.facebook.com\/Folgos.Polska\",\"https:\/\/www.linkedin.com\/company\/folgos\/\"]},{\"@type\":\"Person\",\"@id\":\"https:\/\/folgos.pl\/pl\/#\/schema\/person\/2e9f2854816d86663445ea94f945b7ec\",\"name\":\"ozelichowska\",\"image\":{\"@type\":\"ImageObject\",\"inLanguage\":\"pl-PL\",\"@id\":\"https:\/\/folgos.pl\/pl\/#\/schema\/person\/image\/\",\"url\":\"https:\/\/secure.gravatar.com\/avatar\/bd1642f56daf98543c27fe0ca8a13f2683a11e5a76e72da9db1d630f74ce78b9?s=96&d=mm&r=g\",\"contentUrl\":\"https:\/\/secure.gravatar.com\/avatar\/bd1642f56daf98543c27fe0ca8a13f2683a11e5a76e72da9db1d630f74ce78b9?s=96&d=mm&r=g\",\"caption\":\"ozelichowska\"}}]}<\/script>\n<!-- \/ Yoast SEO plugin. -->","yoast_head_json":{"title":"Konferencja recyklingowa 2023 &#8212; FOLGOS","robots":{"index":"index","follow":"follow","max-snippet":"max-snippet:-1","max-image-preview":"max-image-preview:large","max-video-preview":"max-video-preview:-1"},"canonical":"https:\/\/folgos.pl\/pl\/2023\/10\/27\/konferencja-recyklingowa-2023\/","og_locale":"pl_PL","og_type":"article","og_title":"Konferencja recyklingowa 2023 &#8212; FOLGOS","og_description":"W dniu 19 pa\u017adziernika 2023 FOLGOS uczestniczy\u0142 w Konferencji Recyklingowej, kt\u00f3ra by\u0142a niezwyk\u0142\u0105 okazj\u0105 do spotkania w gronie 80 firm dzia\u0142aj\u0105cych w bran\u017cy recyklingu tworzyw sztucznych. Mi\u0142o nam poinformowa\u0107, \u017ce FOLGOS otrzyma\u0142 nagrod\u0119 w kategorii GOSPODARKA OBIEGU ZAMKNI\u0118TEGO, jako najszybciej rozwijaj\u0105ca si\u0119 firma w tej dziedzinie, kt\u00f3ra w pe\u0142ni realizuje ca\u0142y cykl: od przyj\u0119cia odpad\u00f3w [&hellip;]","og_url":"https:\/\/folgos.pl\/pl\/2023\/10\/27\/konferencja-recyklingowa-2023\/","og_site_name":"FOLGOS","article_publisher":"https:\/\/www.facebook.com\/Folgos.Polska","article_published_time":"2023-10-27T10:00:23+00:00","article_modified_time":"2023-11-06T18:43:21+00:00","og_image":[{"width":1500,"height":1000,"url":"https:\/\/folgos.pl\/pl\/wp-content\/uploads\/2023\/10\/Folgos_statuetki.jpg","type":"image\/jpeg"}],"author":"ozelichowska","twitter_card":"summary_large_image","twitter_misc":{"Napisane przez":"ozelichowska"},"schema":{"@context":"https:\/\/schema.org","@graph":[{"@type":"Article","@id":"https:\/\/folgos.pl\/pl\/2023\/10\/27\/konferencja-recyklingowa-2023\/#article","isPartOf":{"@id":"https:\/\/folgos.pl\/pl\/2023\/10\/27\/konferencja-recyklingowa-2023\/"},"author":{"name":"ozelichowska","@id":"https:\/\/folgos.pl\/pl\/#\/schema\/person\/2e9f2854816d86663445ea94f945b7ec"},"headline":"Konferencja recyklingowa 2023","datePublished":"2023-10-27T10:00:23+00:00","dateModified":"2023-11-06T18:43:21+00:00","mainEntityOfPage":{"@id":"https:\/\/folgos.pl\/pl\/2023\/10\/27\/konferencja-recyklingowa-2023\/"},"wordCount":99,"publisher":{"@id":"https:\/\/folgos.pl\/pl\/#organization"},"image":{"@id":"https:\/\/folgos.pl\/pl\/2023\/10\/27\/konferencja-recyklingowa-2023\/#primaryimage"},"thumbnailUrl":"https:\/\/folgos.pl\/pl\/wp-content\/uploads\/2023\/10\/Folgos_statuetki.jpg","keywords":["eco","folgos","folia","konferencja","recykling"],"articleSection":["Aktualno\u015bci"],"inLanguage":"pl-PL"},{"@type":"WebPage","@id":"https:\/\/folgos.pl\/pl\/2023\/10\/27\/konferencja-recyklingowa-2023\/","url":"https:\/\/folgos.pl\/pl\/2023\/10\/27\/konferencja-recyklingowa-2023\/","name":"Konferencja recyklingowa 2023 &#8212; FOLGOS","isPartOf":{"@id":"https:\/\/folgos.pl\/pl\/#website"},"primaryImageOfPage":{"@id":"https:\/\/folgos.pl\/pl\/2023\/10\/27\/konferencja-recyklingowa-2023\/#primaryimage"},"image":{"@id":"https:\/\/folgos.pl\/pl\/2023\/10\/27\/konferencja-recyklingowa-2023\/#primaryimage"},"thumbnailUrl":"https:\/\/folgos.pl\/pl\/wp-content\/uploads\/2023\/10\/Folgos_statuetki.jpg","datePublished":"2023-10-27T10:00:23+00:00","dateModified":"2023-11-06T18:43:21+00:00","breadcrumb":{"@id":"https:\/\/folgos.pl\/pl\/2023\/10\/27\/konferencja-recyklingowa-2023\/#breadcrumb"},"inLanguage":"pl-PL","potentialAction":[{"@type":"ReadAction","target":["https:\/\/folgos.pl\/pl\/2023\/10\/27\/konferencja-recyklingowa-2023\/"]}]},{"@type":"ImageObject","inLanguage":"pl-PL","@id":"https:\/\/folgos.pl\/pl\/2023\/10\/27\/konferencja-recyklingowa-2023\/#primaryimage","url":"https:\/\/folgos.pl\/pl\/wp-content\/uploads\/2023\/10\/Folgos_statuetki.jpg","contentUrl":"https:\/\/folgos.pl\/pl\/wp-content\/uploads\/2023\/10\/Folgos_statuetki.jpg","width":1500,"height":1000,"caption":"Folgos_statuetki"},{"@type":"BreadcrumbList","@id":"https:\/\/folgos.pl\/pl\/2023\/10\/27\/konferencja-recyklingowa-2023\/#breadcrumb","itemListElement":[{"@type":"ListItem","position":1,"name":"Strona g\u0142\u00f3wna","item":"https:\/\/folgos.pl\/pl\/"},{"@type":"ListItem","position":2,"name":"Konferencja recyklingowa 2023"}]},{"@type":"WebSite","@id":"https:\/\/folgos.pl\/pl\/#website","url":"https:\/\/folgos.pl\/pl\/","name":"FOLGOS - producent ekologicznej folii","description":"\u0141\u0105czymy jako\u015b\u0107 z ekologi\u0105","publisher":{"@id":"https:\/\/folgos.pl\/pl\/#organization"},"potentialAction":[{"@type":"SearchAction","target":{"@type":"EntryPoint","urlTemplate":"https:\/\/folgos.pl\/pl\/?s={search_term_string}"},"query-input":{"@type":"PropertyValueSpecification","valueRequired":true,"valueName":"search_term_string"}}],"inLanguage":"pl-PL"},{"@type":"Organization","@id":"https:\/\/folgos.pl\/pl\/#organization","name":"FOLGOS","url":"https:\/\/folgos.pl\/pl\/","logo":{"@type":"ImageObject","inLanguage":"pl-PL","@id":"https:\/\/folgos.pl\/pl\/#\/schema\/logo\/image\/","url":"https:\/\/folgos.pl\/pl\/wp-content\/uploads\/2023\/06\/Folgos_logo_RGB_v17-05-23.png","contentUrl":"https:\/\/folgos.pl\/pl\/wp-content\/uploads\/2023\/06\/Folgos_logo_RGB_v17-05-23.png","width":439,"height":178,"caption":"FOLGOS"},"image":{"@id":"https:\/\/folgos.pl\/pl\/#\/schema\/logo\/image\/"},"sameAs":["https:\/\/www.facebook.com\/Folgos.Polska","https:\/\/www.linkedin.com\/company\/folgos\/"]},{"@type":"Person","@id":"https:\/\/folgos.pl\/pl\/#\/schema\/person\/2e9f2854816d86663445ea94f945b7ec","name":"ozelichowska","image":{"@type":"ImageObject","inLanguage":"pl-PL","@id":"https:\/\/folgos.pl\/pl\/#\/schema\/person\/image\/","url":"https:\/\/secure.gravatar.com\/avatar\/bd1642f56daf98543c27fe0ca8a13f2683a11e5a76e72da9db1d630f74ce78b9?s=96&d=mm&r=g","contentUrl":"https:\/\/secure.gravatar.com\/avatar\/bd1642f56daf98543c27fe0ca8a13f2683a11e5a76e72da9db1d630f74ce78b9?s=96&d=mm&r=g","caption":"ozelichowska"}}]}},"_links":{"self":[{"href":"https:\/\/folgos.pl\/pl\/wp-json\/wp\/v2\/posts\/15870","targetHints":{"allow":["GET"]}}],"collection":[{"href":"https:\/\/folgos.pl\/pl\/wp-json\/wp\/v2\/posts"}],"about":[{"href":"https:\/\/folgos.pl\/pl\/wp-json\/wp\/v2\/types\/post"}],"author":[{"embeddable":true,"href":"https:\/\/folgos.pl\/pl\/wp-json\/wp\/v2\/users\/5"}],"replies":[{"embeddable":true,"href":"https:\/\/folgos.pl\/pl\/wp-json\/wp\/v2\/comments?post=15870"}],"version-history":[{"count":4,"href":"https:\/\/folgos.pl\/pl\/wp-json\/wp\/v2\/posts\/15870\/revisions"}],"predecessor-version":[{"id":15875,"href":"https:\/\/folgos.pl\/pl\/wp-json\/wp\/v2\/posts\/15870\/revisions\/15875"}],"wp:featuredmedia":[{"embeddable":true,"href":"https:\/\/folgos.pl\/pl\/wp-json\/wp\/v2\/media\/15752"}],"wp:attachment":[{"href":"https:\/\/folgos.pl\/pl\/wp-json\/wp\/v2\/media?parent=15870"}],"wp:term":[{"taxonomy":"category","embeddable":true,"href":"https:\/\/folgos.pl\/pl\/wp-json\/wp\/v2\/categories?post=15870"},{"taxonomy":"post_tag","embeddable":true,"href":"https:\/\/folgos.pl\/pl\/wp-json\/wp\/v2\/tags?post=15870"}],"curies":[{"name":"wp","href":"https:\/\/api.w.org\/{rel}","templated":true}]}}