{"id":15877,"date":"2023-10-30T08:00:27","date_gmt":"2023-10-30T07:00:27","guid":{"rendered":"https:\/\/folgos.pl\/pl\/?p=15877"},"modified":"2023-11-06T19:48:08","modified_gmt":"2023-11-06T18:48:08","slug":"konferencja-recyklingowa-2023-2","status":"publish","type":"post","link":"https:\/\/folgos.pl\/pl\/2023\/10\/30\/konferencja-recyklingowa-2023-2\/","title":{"rendered":"Zapraszamy na targi w Kolonii"},"content":{"rendered":"\t\t<div data-elementor-type=\"wp-post\" data-elementor-id=\"15877\" class=\"elementor elementor-15877\">\n\t\t\t\t\t\t\t\t\t<section class=\"elementor-section elementor-top-section elementor-element elementor-element-614ed87c elementor-section-boxed elementor-section-height-default elementor-section-height-default\" data-id=\"614ed87c\" data-element_type=\"section\">\n\t\t\t\t\t\t<div class=\"elementor-container elementor-column-gap-default\">\n\t\t\t\t\t<div class=\"elementor-column elementor-col-100 elementor-top-column elementor-element elementor-element-1af84906\" data-id=\"1af84906\" data-element_type=\"column\">\n\t\t\t<div class=\"elementor-widget-wrap elementor-element-populated\">\n\t\t\t\t\t\t\t\t<div class=\"elementor-element elementor-element-62370d45 elementor-widget elementor-widget-text-editor\" data-id=\"62370d45\" data-element_type=\"widget\" data-widget_type=\"text-editor.default\">\n\t\t\t\t<div class=\"elementor-widget-container\">\n\t\t\t<style>\/*! elementor - v3.17.0 - 08-11-2023 *\/\n.elementor-widget-text-editor.elementor-drop-cap-view-stacked .elementor-drop-cap{background-color:#69727d;color:#fff}.elementor-widget-text-editor.elementor-drop-cap-view-framed .elementor-drop-cap{color:#69727d;border:3px solid;background-color:transparent}.elementor-widget-text-editor:not(.elementor-drop-cap-view-default) .elementor-drop-cap{margin-top:8px}.elementor-widget-text-editor:not(.elementor-drop-cap-view-default) .elementor-drop-cap-letter{width:1em;height:1em}.elementor-widget-text-editor .elementor-drop-cap{float:left;text-align:center;line-height:1;font-size:50px}.elementor-widget-text-editor .elementor-drop-cap-letter{display:inline-block}<\/style>\t\t\t\t<p>W dniach 8-9.11 b\u0119dziemy uczestniczy\u0107 w Targach <strong>Plastic Waste Free Word<\/strong>, kt\u00f3re odbywaj\u0105 si\u0119 w Kolonii. W wydarzeniu we\u017amie udzia\u0142 wiele firm, kt\u00f3rych celem jest zmniejszenie ilo\u015bci plastiku w \u015bwiecie.<\/p><p>Uczestnicy omawia\u0107 b\u0119d\u0105 dalsze dzia\u0142ania na rzecz zr\u00f3wnowa\u017conego rozwoju, porusz\u0105 zagadnienia dotycz\u0105ce recyklingu i paliw alternatywnych, a tak\u017ce zapoznaj\u0105 si\u0119 z najnowszymi technologiami przetwarzania odpad\u00f3w tak, by lepiej dopasowa\u0107 si\u0119 do oczekiwa\u0144 konsument\u00f3w.<\/p><p>Zapraszamy Pa\u0144stwa na nasze stoisko <strong><u>F130<\/u><\/strong>, gdzie zaprezentujemy nasze <strong><u>ekologiczne folie stretch<\/u><\/strong>, <strong><u>wykonane w 100% z recyklingu<\/u><\/strong>. Klikaj\u0105c w poni\u017cszy link, mog\u0105 Pa\u0144stwo skorzysta\u0107 z darmowej rejestracji na wydarzenie:<\/p><p><a href=\"https:\/\/secure.ukimediaevents.com\/products\/tge-registration\/register.php?f=5817\">https:\/\/secure.ukimediaevents.com\/products\/tge-registration\/register.php?f=5817<\/a><\/p>\t\t\t\t\t\t<\/div>\n\t\t\t\t<\/div>\n\t\t\t\t\t<\/div>\n\t\t<\/div>\n\t\t\t\t\t\t\t<\/div>\n\t\t<\/section>\n\t\t\t\t\t\t\t<\/div>\n\t\t","protected":false},"excerpt":{"rendered":"<p>W dniach 8-9.11 b\u0119dziemy uczestniczy\u0107 w Targach Plastic Waste Free Word, kt\u00f3re odbywaj\u0105 si\u0119 w Kolonii. W wydarzeniu we\u017amie udzia\u0142 wiele firm, kt\u00f3rych celem jest zmniejszenie ilo\u015bci plastiku w \u015bwiecie. Uczestnicy omawia\u0107 b\u0119d\u0105 dalsze dzia\u0142ania na rzecz zr\u00f3wnowa\u017conego rozwoju, porusz\u0105 zagadnienia dotycz\u0105ce recyklingu i paliw alternatywnych, a tak\u017ce zapoznaj\u0105 si\u0119 z najnowszymi technologiami przetwarzania odpad\u00f3w [&hellip;]<\/p>\n","protected":false},"author":5,"featured_media":15769,"comment_status":"closed","ping_status":"closed","sticky":false,"template":"","format":"standard","meta":{"footnotes":""},"categories":[61],"tags":[157,185,153],"class_list":["post-15877","post","type-post","status-publish","format-standard","has-post-thumbnail","hentry","category-aktualnosci-pl","tag-folgos","tag-kolonia","tag-targi"],"yoast_head":"<!-- This site is optimized with the Yoast SEO plugin v23.9 - https:\/\/yoast.com\/wordpress\/plugins\/seo\/ -->\n<title>Zapraszamy na targi w Kolonii &#8212; FOLGOS<\/title>\n<meta name=\"robots\" content=\"index, follow, max-snippet:-1, max-image-preview:large, max-video-preview:-1\" \/>\n<link rel=\"canonical\" href=\"https:\/\/folgos.pl\/pl\/2023\/10\/30\/konferencja-recyklingowa-2023-2\/\" \/>\n<meta property=\"og:locale\" content=\"pl_PL\" \/>\n<meta property=\"og:type\" content=\"article\" \/>\n<meta property=\"og:title\" content=\"Zapraszamy na targi w Kolonii &#8212; FOLGOS\" \/>\n<meta property=\"og:description\" content=\"W dniach 8-9.11 b\u0119dziemy uczestniczy\u0107 w Targach Plastic Waste Free Word, kt\u00f3re odbywaj\u0105 si\u0119 w Kolonii. W wydarzeniu we\u017amie udzia\u0142 wiele firm, kt\u00f3rych celem jest zmniejszenie ilo\u015bci plastiku w \u015bwiecie. Uczestnicy omawia\u0107 b\u0119d\u0105 dalsze dzia\u0142ania na rzecz zr\u00f3wnowa\u017conego rozwoju, porusz\u0105 zagadnienia dotycz\u0105ce recyklingu i paliw alternatywnych, a tak\u017ce zapoznaj\u0105 si\u0119 z najnowszymi technologiami przetwarzania odpad\u00f3w [&hellip;]\" \/>\n<meta property=\"og:url\" content=\"https:\/\/folgos.pl\/pl\/2023\/10\/30\/konferencja-recyklingowa-2023-2\/\" \/>\n<meta property=\"og:site_name\" content=\"FOLGOS\" \/>\n<meta property=\"article:publisher\" content=\"https:\/\/www.facebook.com\/Folgos.Polska\" \/>\n<meta property=\"article:published_time\" content=\"2023-10-30T07:00:27+00:00\" \/>\n<meta property=\"article:modified_time\" content=\"2023-11-06T18:48:08+00:00\" \/>\n<meta property=\"og:image\" content=\"https:\/\/folgos.pl\/pl\/wp-content\/uploads\/2023\/10\/Folgos-targi-Kolonia.jpg\" \/>\n\t<meta property=\"og:image:width\" content=\"1500\" \/>\n\t<meta property=\"og:image:height\" content=\"1000\" \/>\n\t<meta property=\"og:image:type\" content=\"image\/jpeg\" \/>\n<meta name=\"author\" content=\"ozelichowska\" \/>\n<meta name=\"twitter:card\" content=\"summary_large_image\" \/>\n<meta name=\"twitter:label1\" content=\"Napisane przez\" \/>\n\t<meta name=\"twitter:data1\" content=\"ozelichowska\" \/>\n\t<meta name=\"twitter:label2\" content=\"Szacowany czas czytania\" \/>\n\t<meta name=\"twitter:data2\" content=\"1 minuta\" \/>\n<script type=\"application\/ld+json\" class=\"yoast-schema-graph\">{\"@context\":\"https:\/\/schema.org\",\"@graph\":[{\"@type\":\"Article\",\"@id\":\"https:\/\/folgos.pl\/pl\/2023\/10\/30\/konferencja-recyklingowa-2023-2\/#article\",\"isPartOf\":{\"@id\":\"https:\/\/folgos.pl\/pl\/2023\/10\/30\/konferencja-recyklingowa-2023-2\/\"},\"author\":{\"name\":\"ozelichowska\",\"@id\":\"https:\/\/folgos.pl\/pl\/#\/schema\/person\/2e9f2854816d86663445ea94f945b7ec\"},\"headline\":\"Zapraszamy na targi w Kolonii\",\"datePublished\":\"2023-10-30T07:00:27+00:00\",\"dateModified\":\"2023-11-06T18:48:08+00:00\",\"mainEntityOfPage\":{\"@id\":\"https:\/\/folgos.pl\/pl\/2023\/10\/30\/konferencja-recyklingowa-2023-2\/\"},\"wordCount\":122,\"publisher\":{\"@id\":\"https:\/\/folgos.pl\/pl\/#organization\"},\"image\":{\"@id\":\"https:\/\/folgos.pl\/pl\/2023\/10\/30\/konferencja-recyklingowa-2023-2\/#primaryimage\"},\"thumbnailUrl\":\"https:\/\/folgos.pl\/pl\/wp-content\/uploads\/2023\/10\/Folgos-targi-Kolonia.jpg\",\"keywords\":[\"folgos\",\"kolonia\",\"targi\"],\"articleSection\":[\"Aktualno\u015bci\"],\"inLanguage\":\"pl-PL\"},{\"@type\":\"WebPage\",\"@id\":\"https:\/\/folgos.pl\/pl\/2023\/10\/30\/konferencja-recyklingowa-2023-2\/\",\"url\":\"https:\/\/folgos.pl\/pl\/2023\/10\/30\/konferencja-recyklingowa-2023-2\/\",\"name\":\"Zapraszamy na targi w Kolonii &#8212; FOLGOS\",\"isPartOf\":{\"@id\":\"https:\/\/folgos.pl\/pl\/#website\"},\"primaryImageOfPage\":{\"@id\":\"https:\/\/folgos.pl\/pl\/2023\/10\/30\/konferencja-recyklingowa-2023-2\/#primaryimage\"},\"image\":{\"@id\":\"https:\/\/folgos.pl\/pl\/2023\/10\/30\/konferencja-recyklingowa-2023-2\/#primaryimage\"},\"thumbnailUrl\":\"https:\/\/folgos.pl\/pl\/wp-content\/uploads\/2023\/10\/Folgos-targi-Kolonia.jpg\",\"datePublished\":\"2023-10-30T07:00:27+00:00\",\"dateModified\":\"2023-11-06T18:48:08+00:00\",\"breadcrumb\":{\"@id\":\"https:\/\/folgos.pl\/pl\/2023\/10\/30\/konferencja-recyklingowa-2023-2\/#breadcrumb\"},\"inLanguage\":\"pl-PL\",\"potentialAction\":[{\"@type\":\"ReadAction\",\"target\":[\"https:\/\/folgos.pl\/pl\/2023\/10\/30\/konferencja-recyklingowa-2023-2\/\"]}]},{\"@type\":\"ImageObject\",\"inLanguage\":\"pl-PL\",\"@id\":\"https:\/\/folgos.pl\/pl\/2023\/10\/30\/konferencja-recyklingowa-2023-2\/#primaryimage\",\"url\":\"https:\/\/folgos.pl\/pl\/wp-content\/uploads\/2023\/10\/Folgos-targi-Kolonia.jpg\",\"contentUrl\":\"https:\/\/folgos.pl\/pl\/wp-content\/uploads\/2023\/10\/Folgos-targi-Kolonia.jpg\",\"width\":1500,\"height\":1000,\"caption\":\"Folgos targi Kolonia\"},{\"@type\":\"BreadcrumbList\",\"@id\":\"https:\/\/folgos.pl\/pl\/2023\/10\/30\/konferencja-recyklingowa-2023-2\/#breadcrumb\",\"itemListElement\":[{\"@type\":\"ListItem\",\"position\":1,\"name\":\"Strona g\u0142\u00f3wna\",\"item\":\"https:\/\/folgos.pl\/pl\/\"},{\"@type\":\"ListItem\",\"position\":2,\"name\":\"Zapraszamy na targi w Kolonii\"}]},{\"@type\":\"WebSite\",\"@id\":\"https:\/\/folgos.pl\/pl\/#website\",\"url\":\"https:\/\/folgos.pl\/pl\/\",\"name\":\"FOLGOS - producent ekologicznej folii\",\"description\":\"\u0141\u0105czymy jako\u015b\u0107 z ekologi\u0105\",\"publisher\":{\"@id\":\"https:\/\/folgos.pl\/pl\/#organization\"},\"potentialAction\":[{\"@type\":\"SearchAction\",\"target\":{\"@type\":\"EntryPoint\",\"urlTemplate\":\"https:\/\/folgos.pl\/pl\/?s={search_term_string}\"},\"query-input\":{\"@type\":\"PropertyValueSpecification\",\"valueRequired\":true,\"valueName\":\"search_term_string\"}}],\"inLanguage\":\"pl-PL\"},{\"@type\":\"Organization\",\"@id\":\"https:\/\/folgos.pl\/pl\/#organization\",\"name\":\"FOLGOS\",\"url\":\"https:\/\/folgos.pl\/pl\/\",\"logo\":{\"@type\":\"ImageObject\",\"inLanguage\":\"pl-PL\",\"@id\":\"https:\/\/folgos.pl\/pl\/#\/schema\/logo\/image\/\",\"url\":\"https:\/\/folgos.pl\/pl\/wp-content\/uploads\/2023\/06\/Folgos_logo_RGB_v17-05-23.png\",\"contentUrl\":\"https:\/\/folgos.pl\/pl\/wp-content\/uploads\/2023\/06\/Folgos_logo_RGB_v17-05-23.png\",\"width\":439,\"height\":178,\"caption\":\"FOLGOS\"},\"image\":{\"@id\":\"https:\/\/folgos.pl\/pl\/#\/schema\/logo\/image\/\"},\"sameAs\":[\"https:\/\/www.facebook.com\/Folgos.Polska\",\"https:\/\/www.linkedin.com\/company\/folgos\/\"]},{\"@type\":\"Person\",\"@id\":\"https:\/\/folgos.pl\/pl\/#\/schema\/person\/2e9f2854816d86663445ea94f945b7ec\",\"name\":\"ozelichowska\",\"image\":{\"@type\":\"ImageObject\",\"inLanguage\":\"pl-PL\",\"@id\":\"https:\/\/folgos.pl\/pl\/#\/schema\/person\/image\/\",\"url\":\"https:\/\/secure.gravatar.com\/avatar\/bd1642f56daf98543c27fe0ca8a13f2683a11e5a76e72da9db1d630f74ce78b9?s=96&d=mm&r=g\",\"contentUrl\":\"https:\/\/secure.gravatar.com\/avatar\/bd1642f56daf98543c27fe0ca8a13f2683a11e5a76e72da9db1d630f74ce78b9?s=96&d=mm&r=g\",\"caption\":\"ozelichowska\"}}]}<\/script>\n<!-- \/ Yoast SEO plugin. -->","yoast_head_json":{"title":"Zapraszamy na targi w Kolonii &#8212; FOLGOS","robots":{"index":"index","follow":"follow","max-snippet":"max-snippet:-1","max-image-preview":"max-image-preview:large","max-video-preview":"max-video-preview:-1"},"canonical":"https:\/\/folgos.pl\/pl\/2023\/10\/30\/konferencja-recyklingowa-2023-2\/","og_locale":"pl_PL","og_type":"article","og_title":"Zapraszamy na targi w Kolonii &#8212; FOLGOS","og_description":"W dniach 8-9.11 b\u0119dziemy uczestniczy\u0107 w Targach Plastic Waste Free Word, kt\u00f3re odbywaj\u0105 si\u0119 w Kolonii. W wydarzeniu we\u017amie udzia\u0142 wiele firm, kt\u00f3rych celem jest zmniejszenie ilo\u015bci plastiku w \u015bwiecie. Uczestnicy omawia\u0107 b\u0119d\u0105 dalsze dzia\u0142ania na rzecz zr\u00f3wnowa\u017conego rozwoju, porusz\u0105 zagadnienia dotycz\u0105ce recyklingu i paliw alternatywnych, a tak\u017ce zapoznaj\u0105 si\u0119 z najnowszymi technologiami przetwarzania odpad\u00f3w [&hellip;]","og_url":"https:\/\/folgos.pl\/pl\/2023\/10\/30\/konferencja-recyklingowa-2023-2\/","og_site_name":"FOLGOS","article_publisher":"https:\/\/www.facebook.com\/Folgos.Polska","article_published_time":"2023-10-30T07:00:27+00:00","article_modified_time":"2023-11-06T18:48:08+00:00","og_image":[{"width":1500,"height":1000,"url":"https:\/\/folgos.pl\/pl\/wp-content\/uploads\/2023\/10\/Folgos-targi-Kolonia.jpg","type":"image\/jpeg"}],"author":"ozelichowska","twitter_card":"summary_large_image","twitter_misc":{"Napisane przez":"ozelichowska","Szacowany czas czytania":"1 minuta"},"schema":{"@context":"https:\/\/schema.org","@graph":[{"@type":"Article","@id":"https:\/\/folgos.pl\/pl\/2023\/10\/30\/konferencja-recyklingowa-2023-2\/#article","isPartOf":{"@id":"https:\/\/folgos.pl\/pl\/2023\/10\/30\/konferencja-recyklingowa-2023-2\/"},"author":{"name":"ozelichowska","@id":"https:\/\/folgos.pl\/pl\/#\/schema\/person\/2e9f2854816d86663445ea94f945b7ec"},"headline":"Zapraszamy na targi w Kolonii","datePublished":"2023-10-30T07:00:27+00:00","dateModified":"2023-11-06T18:48:08+00:00","mainEntityOfPage":{"@id":"https:\/\/folgos.pl\/pl\/2023\/10\/30\/konferencja-recyklingowa-2023-2\/"},"wordCount":122,"publisher":{"@id":"https:\/\/folgos.pl\/pl\/#organization"},"image":{"@id":"https:\/\/folgos.pl\/pl\/2023\/10\/30\/konferencja-recyklingowa-2023-2\/#primaryimage"},"thumbnailUrl":"https:\/\/folgos.pl\/pl\/wp-content\/uploads\/2023\/10\/Folgos-targi-Kolonia.jpg","keywords":["folgos","kolonia","targi"],"articleSection":["Aktualno\u015bci"],"inLanguage":"pl-PL"},{"@type":"WebPage","@id":"https:\/\/folgos.pl\/pl\/2023\/10\/30\/konferencja-recyklingowa-2023-2\/","url":"https:\/\/folgos.pl\/pl\/2023\/10\/30\/konferencja-recyklingowa-2023-2\/","name":"Zapraszamy na targi w Kolonii &#8212; FOLGOS","isPartOf":{"@id":"https:\/\/folgos.pl\/pl\/#website"},"primaryImageOfPage":{"@id":"https:\/\/folgos.pl\/pl\/2023\/10\/30\/konferencja-recyklingowa-2023-2\/#primaryimage"},"image":{"@id":"https:\/\/folgos.pl\/pl\/2023\/10\/30\/konferencja-recyklingowa-2023-2\/#primaryimage"},"thumbnailUrl":"https:\/\/folgos.pl\/pl\/wp-content\/uploads\/2023\/10\/Folgos-targi-Kolonia.jpg","datePublished":"2023-10-30T07:00:27+00:00","dateModified":"2023-11-06T18:48:08+00:00","breadcrumb":{"@id":"https:\/\/folgos.pl\/pl\/2023\/10\/30\/konferencja-recyklingowa-2023-2\/#breadcrumb"},"inLanguage":"pl-PL","potentialAction":[{"@type":"ReadAction","target":["https:\/\/folgos.pl\/pl\/2023\/10\/30\/konferencja-recyklingowa-2023-2\/"]}]},{"@type":"ImageObject","inLanguage":"pl-PL","@id":"https:\/\/folgos.pl\/pl\/2023\/10\/30\/konferencja-recyklingowa-2023-2\/#primaryimage","url":"https:\/\/folgos.pl\/pl\/wp-content\/uploads\/2023\/10\/Folgos-targi-Kolonia.jpg","contentUrl":"https:\/\/folgos.pl\/pl\/wp-content\/uploads\/2023\/10\/Folgos-targi-Kolonia.jpg","width":1500,"height":1000,"caption":"Folgos targi Kolonia"},{"@type":"BreadcrumbList","@id":"https:\/\/folgos.pl\/pl\/2023\/10\/30\/konferencja-recyklingowa-2023-2\/#breadcrumb","itemListElement":[{"@type":"ListItem","position":1,"name":"Strona g\u0142\u00f3wna","item":"https:\/\/folgos.pl\/pl\/"},{"@type":"ListItem","position":2,"name":"Zapraszamy na targi w Kolonii"}]},{"@type":"WebSite","@id":"https:\/\/folgos.pl\/pl\/#website","url":"https:\/\/folgos.pl\/pl\/","name":"FOLGOS - producent ekologicznej folii","description":"\u0141\u0105czymy jako\u015b\u0107 z ekologi\u0105","publisher":{"@id":"https:\/\/folgos.pl\/pl\/#organization"},"potentialAction":[{"@type":"SearchAction","target":{"@type":"EntryPoint","urlTemplate":"https:\/\/folgos.pl\/pl\/?s={search_term_string}"},"query-input":{"@type":"PropertyValueSpecification","valueRequired":true,"valueName":"search_term_string"}}],"inLanguage":"pl-PL"},{"@type":"Organization","@id":"https:\/\/folgos.pl\/pl\/#organization","name":"FOLGOS","url":"https:\/\/folgos.pl\/pl\/","logo":{"@type":"ImageObject","inLanguage":"pl-PL","@id":"https:\/\/folgos.pl\/pl\/#\/schema\/logo\/image\/","url":"https:\/\/folgos.pl\/pl\/wp-content\/uploads\/2023\/06\/Folgos_logo_RGB_v17-05-23.png","contentUrl":"https:\/\/folgos.pl\/pl\/wp-content\/uploads\/2023\/06\/Folgos_logo_RGB_v17-05-23.png","width":439,"height":178,"caption":"FOLGOS"},"image":{"@id":"https:\/\/folgos.pl\/pl\/#\/schema\/logo\/image\/"},"sameAs":["https:\/\/www.facebook.com\/Folgos.Polska","https:\/\/www.linkedin.com\/company\/folgos\/"]},{"@type":"Person","@id":"https:\/\/folgos.pl\/pl\/#\/schema\/person\/2e9f2854816d86663445ea94f945b7ec","name":"ozelichowska","image":{"@type":"ImageObject","inLanguage":"pl-PL","@id":"https:\/\/folgos.pl\/pl\/#\/schema\/person\/image\/","url":"https:\/\/secure.gravatar.com\/avatar\/bd1642f56daf98543c27fe0ca8a13f2683a11e5a76e72da9db1d630f74ce78b9?s=96&d=mm&r=g","contentUrl":"https:\/\/secure.gravatar.com\/avatar\/bd1642f56daf98543c27fe0ca8a13f2683a11e5a76e72da9db1d630f74ce78b9?s=96&d=mm&r=g","caption":"ozelichowska"}}]}},"_links":{"self":[{"href":"https:\/\/folgos.pl\/pl\/wp-json\/wp\/v2\/posts\/15877","targetHints":{"allow":["GET"]}}],"collection":[{"href":"https:\/\/folgos.pl\/pl\/wp-json\/wp\/v2\/posts"}],"about":[{"href":"https:\/\/folgos.pl\/pl\/wp-json\/wp\/v2\/types\/post"}],"author":[{"embeddable":true,"href":"https:\/\/folgos.pl\/pl\/wp-json\/wp\/v2\/users\/5"}],"replies":[{"embeddable":true,"href":"https:\/\/folgos.pl\/pl\/wp-json\/wp\/v2\/comments?post=15877"}],"version-history":[{"count":6,"href":"https:\/\/folgos.pl\/pl\/wp-json\/wp\/v2\/posts\/15877\/revisions"}],"predecessor-version":[{"id":15884,"href":"https:\/\/folgos.pl\/pl\/wp-json\/wp\/v2\/posts\/15877\/revisions\/15884"}],"wp:featuredmedia":[{"embeddable":true,"href":"https:\/\/folgos.pl\/pl\/wp-json\/wp\/v2\/media\/15769"}],"wp:attachment":[{"href":"https:\/\/folgos.pl\/pl\/wp-json\/wp\/v2\/media?parent=15877"}],"wp:term":[{"taxonomy":"category","embeddable":true,"href":"https:\/\/folgos.pl\/pl\/wp-json\/wp\/v2\/categories?post=15877"},{"taxonomy":"post_tag","embeddable":true,"href":"https:\/\/folgos.pl\/pl\/wp-json\/wp\/v2\/tags?post=15877"}],"curies":[{"name":"wp","href":"https:\/\/api.w.org\/{rel}","templated":true}]}}