{"id":15914,"date":"2023-11-07T09:58:35","date_gmt":"2023-11-07T08:58:35","guid":{"rendered":"https:\/\/folgos.pl\/pl\/?p=15914"},"modified":"2023-11-07T10:00:40","modified_gmt":"2023-11-07T09:00:40","slug":"zapraszamy-na-targi-agrotechnica-2023","status":"publish","type":"post","link":"https:\/\/folgos.pl\/pl\/2023\/11\/07\/zapraszamy-na-targi-agrotechnica-2023\/","title":{"rendered":"Zapraszamy na Targi Agrotechnica 2023"},"content":{"rendered":"\t\t<div data-elementor-type=\"wp-post\" data-elementor-id=\"15914\" class=\"elementor elementor-15914\">\n\t\t\t\t\t\t\t\t\t<section class=\"elementor-section elementor-top-section elementor-element elementor-element-614ed87c elementor-section-boxed elementor-section-height-default elementor-section-height-default\" data-id=\"614ed87c\" data-element_type=\"section\">\n\t\t\t\t\t\t<div class=\"elementor-container elementor-column-gap-default\">\n\t\t\t\t\t<div class=\"elementor-column elementor-col-100 elementor-top-column elementor-element elementor-element-1af84906\" data-id=\"1af84906\" data-element_type=\"column\">\n\t\t\t<div class=\"elementor-widget-wrap elementor-element-populated\">\n\t\t\t\t\t\t\t\t<div class=\"elementor-element elementor-element-62370d45 elementor-widget elementor-widget-text-editor\" data-id=\"62370d45\" data-element_type=\"widget\" data-widget_type=\"text-editor.default\">\n\t\t\t\t<div class=\"elementor-widget-container\">\n\t\t\t<style>\/*! elementor - v3.17.0 - 08-11-2023 *\/\n.elementor-widget-text-editor.elementor-drop-cap-view-stacked .elementor-drop-cap{background-color:#69727d;color:#fff}.elementor-widget-text-editor.elementor-drop-cap-view-framed .elementor-drop-cap{color:#69727d;border:3px solid;background-color:transparent}.elementor-widget-text-editor:not(.elementor-drop-cap-view-default) .elementor-drop-cap{margin-top:8px}.elementor-widget-text-editor:not(.elementor-drop-cap-view-default) .elementor-drop-cap-letter{width:1em;height:1em}.elementor-widget-text-editor .elementor-drop-cap{float:left;text-align:center;line-height:1;font-size:50px}.elementor-widget-text-editor .elementor-drop-cap-letter{display:inline-block}<\/style>\t\t\t\t<p style=\"text-align:justify\"><span style=\"font-size:14.0pt;\nline-height:107%\">W dniach 12-18.11 firma <b>FOLGOS<\/b> b\u0119dzie mia\u0142a\nprzyjemno\u015b\u0107 uczestniczy\u0107 <br>\nw Targach Agritechnica 2023. Tematem przewodnim wydarzenia b\u0119d\u0105 nowe technologie\ni innowacje w bran\u017cy rolniczej, kt\u00f3re przyczyni\u0105 si\u0119 do rozwoju <b>globalnego\nprzemys\u0142u<\/b>, przy jednoczesnej trosce o \u015brodowisko oraz <b>zr\u00f3wnowa\u017cone\nwykorzystanie zasob\u00f3w naturalnych<\/b>. <o:p><\/o:p><\/span><\/p><p style=\"text-align:justify\"><span style=\"font-size:14.0pt;\nline-height:107%\">Spotkaj\u0105 nas Pa\u0144stwo na Hali 27 (miejsce C38), gdzie\nzaprezentujemy nasz\u0105 <b>ekologiczn\u0105 foli\u0119<\/b>, pochodz\u0105c\u0105 w 100% z <b>recyklingu<\/b>,\ndedykowan\u0105 do zastosowania zar\u00f3wno w sektorze przemys\u0142owym, jak i rolniczym. <o:p><\/o:p><\/span><\/p><p>\n\n\n\n<\/p><p style=\"text-align:justify\"><b><span style=\"font-size:14.0pt;\nline-height:107%\">Serdecznie zapraszamy \u2013 FOLGOS \u2013 Stand C38, Hall 27 &nbsp;&nbsp;<\/span><\/b><\/p><p style=\"text-align:justify\"><b><span style=\"font-size:14.0pt;\nline-height:107%\">Do zobaczenia \ud83d\ude42<\/span><\/b><\/p>\t\t\t\t\t\t<\/div>\n\t\t\t\t<\/div>\n\t\t\t\t\t<\/div>\n\t\t<\/div>\n\t\t\t\t\t\t\t<\/div>\n\t\t<\/section>\n\t\t\t\t\t\t\t<\/div>\n\t\t","protected":false},"excerpt":{"rendered":"<p>W dniach 12-18.11 firma FOLGOS b\u0119dzie mia\u0142a przyjemno\u015b\u0107 uczestniczy\u0107 w Targach Agritechnica 2023. Tematem przewodnim wydarzenia b\u0119d\u0105 nowe technologie i innowacje w bran\u017cy rolniczej, kt\u00f3re przyczyni\u0105 si\u0119 do rozwoju globalnego przemys\u0142u, przy jednoczesnej trosce o \u015brodowisko oraz zr\u00f3wnowa\u017cone wykorzystanie zasob\u00f3w naturalnych. Spotkaj\u0105 nas Pa\u0144stwo na Hali 27 (miejsce C38), gdzie zaprezentujemy nasz\u0105 ekologiczn\u0105 foli\u0119, pochodz\u0105c\u0105 [&hellip;]<\/p>\n","protected":false},"author":5,"featured_media":15913,"comment_status":"closed","ping_status":"closed","sticky":false,"template":"","format":"standard","meta":{"footnotes":""},"categories":[61],"tags":[157,185,153],"class_list":["post-15914","post","type-post","status-publish","format-standard","has-post-thumbnail","hentry","category-aktualnosci-pl","tag-folgos","tag-kolonia","tag-targi"],"yoast_head":"<!-- This site is optimized with the Yoast SEO plugin v23.9 - https:\/\/yoast.com\/wordpress\/plugins\/seo\/ -->\n<title>Zapraszamy na Targi Agrotechnica 2023 &#8212; FOLGOS<\/title>\n<meta name=\"robots\" content=\"index, follow, max-snippet:-1, max-image-preview:large, max-video-preview:-1\" \/>\n<link rel=\"canonical\" href=\"https:\/\/folgos.pl\/pl\/2023\/11\/07\/zapraszamy-na-targi-agrotechnica-2023\/\" \/>\n<meta property=\"og:locale\" content=\"pl_PL\" \/>\n<meta property=\"og:type\" content=\"article\" \/>\n<meta property=\"og:title\" content=\"Zapraszamy na Targi Agrotechnica 2023 &#8212; FOLGOS\" \/>\n<meta property=\"og:description\" content=\"W dniach 12-18.11 firma FOLGOS b\u0119dzie mia\u0142a przyjemno\u015b\u0107 uczestniczy\u0107 w Targach Agritechnica 2023. Tematem przewodnim wydarzenia b\u0119d\u0105 nowe technologie i innowacje w bran\u017cy rolniczej, kt\u00f3re przyczyni\u0105 si\u0119 do rozwoju globalnego przemys\u0142u, przy jednoczesnej trosce o \u015brodowisko oraz zr\u00f3wnowa\u017cone wykorzystanie zasob\u00f3w naturalnych. Spotkaj\u0105 nas Pa\u0144stwo na Hali 27 (miejsce C38), gdzie zaprezentujemy nasz\u0105 ekologiczn\u0105 foli\u0119, pochodz\u0105c\u0105 [&hellip;]\" \/>\n<meta property=\"og:url\" content=\"https:\/\/folgos.pl\/pl\/2023\/11\/07\/zapraszamy-na-targi-agrotechnica-2023\/\" \/>\n<meta property=\"og:site_name\" content=\"FOLGOS\" \/>\n<meta property=\"article:publisher\" content=\"https:\/\/www.facebook.com\/Folgos.Polska\" \/>\n<meta property=\"article:published_time\" content=\"2023-11-07T08:58:35+00:00\" \/>\n<meta property=\"article:modified_time\" content=\"2023-11-07T09:00:40+00:00\" \/>\n<meta property=\"og:image\" content=\"https:\/\/folgos.pl\/pl\/wp-content\/uploads\/2023\/11\/Targi_Folgos-1.jpg\" \/>\n\t<meta property=\"og:image:width\" content=\"1500\" \/>\n\t<meta property=\"og:image:height\" content=\"1000\" \/>\n\t<meta property=\"og:image:type\" content=\"image\/jpeg\" \/>\n<meta name=\"author\" content=\"ozelichowska\" \/>\n<meta name=\"twitter:card\" content=\"summary_large_image\" \/>\n<meta name=\"twitter:label1\" content=\"Napisane przez\" \/>\n\t<meta name=\"twitter:data1\" content=\"ozelichowska\" \/>\n<script type=\"application\/ld+json\" class=\"yoast-schema-graph\">{\"@context\":\"https:\/\/schema.org\",\"@graph\":[{\"@type\":\"Article\",\"@id\":\"https:\/\/folgos.pl\/pl\/2023\/11\/07\/zapraszamy-na-targi-agrotechnica-2023\/#article\",\"isPartOf\":{\"@id\":\"https:\/\/folgos.pl\/pl\/2023\/11\/07\/zapraszamy-na-targi-agrotechnica-2023\/\"},\"author\":{\"name\":\"ozelichowska\",\"@id\":\"https:\/\/folgos.pl\/pl\/#\/schema\/person\/2e9f2854816d86663445ea94f945b7ec\"},\"headline\":\"Zapraszamy na Targi Agrotechnica 2023\",\"datePublished\":\"2023-11-07T08:58:35+00:00\",\"dateModified\":\"2023-11-07T09:00:40+00:00\",\"mainEntityOfPage\":{\"@id\":\"https:\/\/folgos.pl\/pl\/2023\/11\/07\/zapraszamy-na-targi-agrotechnica-2023\/\"},\"wordCount\":93,\"publisher\":{\"@id\":\"https:\/\/folgos.pl\/pl\/#organization\"},\"image\":{\"@id\":\"https:\/\/folgos.pl\/pl\/2023\/11\/07\/zapraszamy-na-targi-agrotechnica-2023\/#primaryimage\"},\"thumbnailUrl\":\"https:\/\/folgos.pl\/pl\/wp-content\/uploads\/2023\/11\/Targi_Folgos-1.jpg\",\"keywords\":[\"folgos\",\"kolonia\",\"targi\"],\"articleSection\":[\"Aktualno\u015bci\"],\"inLanguage\":\"pl-PL\"},{\"@type\":\"WebPage\",\"@id\":\"https:\/\/folgos.pl\/pl\/2023\/11\/07\/zapraszamy-na-targi-agrotechnica-2023\/\",\"url\":\"https:\/\/folgos.pl\/pl\/2023\/11\/07\/zapraszamy-na-targi-agrotechnica-2023\/\",\"name\":\"Zapraszamy na Targi Agrotechnica 2023 &#8212; FOLGOS\",\"isPartOf\":{\"@id\":\"https:\/\/folgos.pl\/pl\/#website\"},\"primaryImageOfPage\":{\"@id\":\"https:\/\/folgos.pl\/pl\/2023\/11\/07\/zapraszamy-na-targi-agrotechnica-2023\/#primaryimage\"},\"image\":{\"@id\":\"https:\/\/folgos.pl\/pl\/2023\/11\/07\/zapraszamy-na-targi-agrotechnica-2023\/#primaryimage\"},\"thumbnailUrl\":\"https:\/\/folgos.pl\/pl\/wp-content\/uploads\/2023\/11\/Targi_Folgos-1.jpg\",\"datePublished\":\"2023-11-07T08:58:35+00:00\",\"dateModified\":\"2023-11-07T09:00:40+00:00\",\"breadcrumb\":{\"@id\":\"https:\/\/folgos.pl\/pl\/2023\/11\/07\/zapraszamy-na-targi-agrotechnica-2023\/#breadcrumb\"},\"inLanguage\":\"pl-PL\",\"potentialAction\":[{\"@type\":\"ReadAction\",\"target\":[\"https:\/\/folgos.pl\/pl\/2023\/11\/07\/zapraszamy-na-targi-agrotechnica-2023\/\"]}]},{\"@type\":\"ImageObject\",\"inLanguage\":\"pl-PL\",\"@id\":\"https:\/\/folgos.pl\/pl\/2023\/11\/07\/zapraszamy-na-targi-agrotechnica-2023\/#primaryimage\",\"url\":\"https:\/\/folgos.pl\/pl\/wp-content\/uploads\/2023\/11\/Targi_Folgos-1.jpg\",\"contentUrl\":\"https:\/\/folgos.pl\/pl\/wp-content\/uploads\/2023\/11\/Targi_Folgos-1.jpg\",\"width\":1500,\"height\":1000,\"caption\":\"Targi Folgos Agritechnica\"},{\"@type\":\"BreadcrumbList\",\"@id\":\"https:\/\/folgos.pl\/pl\/2023\/11\/07\/zapraszamy-na-targi-agrotechnica-2023\/#breadcrumb\",\"itemListElement\":[{\"@type\":\"ListItem\",\"position\":1,\"name\":\"Strona g\u0142\u00f3wna\",\"item\":\"https:\/\/folgos.pl\/pl\/\"},{\"@type\":\"ListItem\",\"position\":2,\"name\":\"Zapraszamy na Targi Agrotechnica 2023\"}]},{\"@type\":\"WebSite\",\"@id\":\"https:\/\/folgos.pl\/pl\/#website\",\"url\":\"https:\/\/folgos.pl\/pl\/\",\"name\":\"FOLGOS - producent ekologicznej folii\",\"description\":\"\u0141\u0105czymy jako\u015b\u0107 z ekologi\u0105\",\"publisher\":{\"@id\":\"https:\/\/folgos.pl\/pl\/#organization\"},\"potentialAction\":[{\"@type\":\"SearchAction\",\"target\":{\"@type\":\"EntryPoint\",\"urlTemplate\":\"https:\/\/folgos.pl\/pl\/?s={search_term_string}\"},\"query-input\":{\"@type\":\"PropertyValueSpecification\",\"valueRequired\":true,\"valueName\":\"search_term_string\"}}],\"inLanguage\":\"pl-PL\"},{\"@type\":\"Organization\",\"@id\":\"https:\/\/folgos.pl\/pl\/#organization\",\"name\":\"FOLGOS\",\"url\":\"https:\/\/folgos.pl\/pl\/\",\"logo\":{\"@type\":\"ImageObject\",\"inLanguage\":\"pl-PL\",\"@id\":\"https:\/\/folgos.pl\/pl\/#\/schema\/logo\/image\/\",\"url\":\"https:\/\/folgos.pl\/pl\/wp-content\/uploads\/2023\/06\/Folgos_logo_RGB_v17-05-23.png\",\"contentUrl\":\"https:\/\/folgos.pl\/pl\/wp-content\/uploads\/2023\/06\/Folgos_logo_RGB_v17-05-23.png\",\"width\":439,\"height\":178,\"caption\":\"FOLGOS\"},\"image\":{\"@id\":\"https:\/\/folgos.pl\/pl\/#\/schema\/logo\/image\/\"},\"sameAs\":[\"https:\/\/www.facebook.com\/Folgos.Polska\",\"https:\/\/www.linkedin.com\/company\/folgos\/\"]},{\"@type\":\"Person\",\"@id\":\"https:\/\/folgos.pl\/pl\/#\/schema\/person\/2e9f2854816d86663445ea94f945b7ec\",\"name\":\"ozelichowska\",\"image\":{\"@type\":\"ImageObject\",\"inLanguage\":\"pl-PL\",\"@id\":\"https:\/\/folgos.pl\/pl\/#\/schema\/person\/image\/\",\"url\":\"https:\/\/secure.gravatar.com\/avatar\/bd1642f56daf98543c27fe0ca8a13f2683a11e5a76e72da9db1d630f74ce78b9?s=96&d=mm&r=g\",\"contentUrl\":\"https:\/\/secure.gravatar.com\/avatar\/bd1642f56daf98543c27fe0ca8a13f2683a11e5a76e72da9db1d630f74ce78b9?s=96&d=mm&r=g\",\"caption\":\"ozelichowska\"}}]}<\/script>\n<!-- \/ Yoast SEO plugin. -->","yoast_head_json":{"title":"Zapraszamy na Targi Agrotechnica 2023 &#8212; FOLGOS","robots":{"index":"index","follow":"follow","max-snippet":"max-snippet:-1","max-image-preview":"max-image-preview:large","max-video-preview":"max-video-preview:-1"},"canonical":"https:\/\/folgos.pl\/pl\/2023\/11\/07\/zapraszamy-na-targi-agrotechnica-2023\/","og_locale":"pl_PL","og_type":"article","og_title":"Zapraszamy na Targi Agrotechnica 2023 &#8212; FOLGOS","og_description":"W dniach 12-18.11 firma FOLGOS b\u0119dzie mia\u0142a przyjemno\u015b\u0107 uczestniczy\u0107 w Targach Agritechnica 2023. Tematem przewodnim wydarzenia b\u0119d\u0105 nowe technologie i innowacje w bran\u017cy rolniczej, kt\u00f3re przyczyni\u0105 si\u0119 do rozwoju globalnego przemys\u0142u, przy jednoczesnej trosce o \u015brodowisko oraz zr\u00f3wnowa\u017cone wykorzystanie zasob\u00f3w naturalnych. Spotkaj\u0105 nas Pa\u0144stwo na Hali 27 (miejsce C38), gdzie zaprezentujemy nasz\u0105 ekologiczn\u0105 foli\u0119, pochodz\u0105c\u0105 [&hellip;]","og_url":"https:\/\/folgos.pl\/pl\/2023\/11\/07\/zapraszamy-na-targi-agrotechnica-2023\/","og_site_name":"FOLGOS","article_publisher":"https:\/\/www.facebook.com\/Folgos.Polska","article_published_time":"2023-11-07T08:58:35+00:00","article_modified_time":"2023-11-07T09:00:40+00:00","og_image":[{"width":1500,"height":1000,"url":"https:\/\/folgos.pl\/pl\/wp-content\/uploads\/2023\/11\/Targi_Folgos-1.jpg","type":"image\/jpeg"}],"author":"ozelichowska","twitter_card":"summary_large_image","twitter_misc":{"Napisane przez":"ozelichowska"},"schema":{"@context":"https:\/\/schema.org","@graph":[{"@type":"Article","@id":"https:\/\/folgos.pl\/pl\/2023\/11\/07\/zapraszamy-na-targi-agrotechnica-2023\/#article","isPartOf":{"@id":"https:\/\/folgos.pl\/pl\/2023\/11\/07\/zapraszamy-na-targi-agrotechnica-2023\/"},"author":{"name":"ozelichowska","@id":"https:\/\/folgos.pl\/pl\/#\/schema\/person\/2e9f2854816d86663445ea94f945b7ec"},"headline":"Zapraszamy na Targi Agrotechnica 2023","datePublished":"2023-11-07T08:58:35+00:00","dateModified":"2023-11-07T09:00:40+00:00","mainEntityOfPage":{"@id":"https:\/\/folgos.pl\/pl\/2023\/11\/07\/zapraszamy-na-targi-agrotechnica-2023\/"},"wordCount":93,"publisher":{"@id":"https:\/\/folgos.pl\/pl\/#organization"},"image":{"@id":"https:\/\/folgos.pl\/pl\/2023\/11\/07\/zapraszamy-na-targi-agrotechnica-2023\/#primaryimage"},"thumbnailUrl":"https:\/\/folgos.pl\/pl\/wp-content\/uploads\/2023\/11\/Targi_Folgos-1.jpg","keywords":["folgos","kolonia","targi"],"articleSection":["Aktualno\u015bci"],"inLanguage":"pl-PL"},{"@type":"WebPage","@id":"https:\/\/folgos.pl\/pl\/2023\/11\/07\/zapraszamy-na-targi-agrotechnica-2023\/","url":"https:\/\/folgos.pl\/pl\/2023\/11\/07\/zapraszamy-na-targi-agrotechnica-2023\/","name":"Zapraszamy na Targi Agrotechnica 2023 &#8212; FOLGOS","isPartOf":{"@id":"https:\/\/folgos.pl\/pl\/#website"},"primaryImageOfPage":{"@id":"https:\/\/folgos.pl\/pl\/2023\/11\/07\/zapraszamy-na-targi-agrotechnica-2023\/#primaryimage"},"image":{"@id":"https:\/\/folgos.pl\/pl\/2023\/11\/07\/zapraszamy-na-targi-agrotechnica-2023\/#primaryimage"},"thumbnailUrl":"https:\/\/folgos.pl\/pl\/wp-content\/uploads\/2023\/11\/Targi_Folgos-1.jpg","datePublished":"2023-11-07T08:58:35+00:00","dateModified":"2023-11-07T09:00:40+00:00","breadcrumb":{"@id":"https:\/\/folgos.pl\/pl\/2023\/11\/07\/zapraszamy-na-targi-agrotechnica-2023\/#breadcrumb"},"inLanguage":"pl-PL","potentialAction":[{"@type":"ReadAction","target":["https:\/\/folgos.pl\/pl\/2023\/11\/07\/zapraszamy-na-targi-agrotechnica-2023\/"]}]},{"@type":"ImageObject","inLanguage":"pl-PL","@id":"https:\/\/folgos.pl\/pl\/2023\/11\/07\/zapraszamy-na-targi-agrotechnica-2023\/#primaryimage","url":"https:\/\/folgos.pl\/pl\/wp-content\/uploads\/2023\/11\/Targi_Folgos-1.jpg","contentUrl":"https:\/\/folgos.pl\/pl\/wp-content\/uploads\/2023\/11\/Targi_Folgos-1.jpg","width":1500,"height":1000,"caption":"Targi Folgos Agritechnica"},{"@type":"BreadcrumbList","@id":"https:\/\/folgos.pl\/pl\/2023\/11\/07\/zapraszamy-na-targi-agrotechnica-2023\/#breadcrumb","itemListElement":[{"@type":"ListItem","position":1,"name":"Strona g\u0142\u00f3wna","item":"https:\/\/folgos.pl\/pl\/"},{"@type":"ListItem","position":2,"name":"Zapraszamy na Targi Agrotechnica 2023"}]},{"@type":"WebSite","@id":"https:\/\/folgos.pl\/pl\/#website","url":"https:\/\/folgos.pl\/pl\/","name":"FOLGOS - producent ekologicznej folii","description":"\u0141\u0105czymy jako\u015b\u0107 z ekologi\u0105","publisher":{"@id":"https:\/\/folgos.pl\/pl\/#organization"},"potentialAction":[{"@type":"SearchAction","target":{"@type":"EntryPoint","urlTemplate":"https:\/\/folgos.pl\/pl\/?s={search_term_string}"},"query-input":{"@type":"PropertyValueSpecification","valueRequired":true,"valueName":"search_term_string"}}],"inLanguage":"pl-PL"},{"@type":"Organization","@id":"https:\/\/folgos.pl\/pl\/#organization","name":"FOLGOS","url":"https:\/\/folgos.pl\/pl\/","logo":{"@type":"ImageObject","inLanguage":"pl-PL","@id":"https:\/\/folgos.pl\/pl\/#\/schema\/logo\/image\/","url":"https:\/\/folgos.pl\/pl\/wp-content\/uploads\/2023\/06\/Folgos_logo_RGB_v17-05-23.png","contentUrl":"https:\/\/folgos.pl\/pl\/wp-content\/uploads\/2023\/06\/Folgos_logo_RGB_v17-05-23.png","width":439,"height":178,"caption":"FOLGOS"},"image":{"@id":"https:\/\/folgos.pl\/pl\/#\/schema\/logo\/image\/"},"sameAs":["https:\/\/www.facebook.com\/Folgos.Polska","https:\/\/www.linkedin.com\/company\/folgos\/"]},{"@type":"Person","@id":"https:\/\/folgos.pl\/pl\/#\/schema\/person\/2e9f2854816d86663445ea94f945b7ec","name":"ozelichowska","image":{"@type":"ImageObject","inLanguage":"pl-PL","@id":"https:\/\/folgos.pl\/pl\/#\/schema\/person\/image\/","url":"https:\/\/secure.gravatar.com\/avatar\/bd1642f56daf98543c27fe0ca8a13f2683a11e5a76e72da9db1d630f74ce78b9?s=96&d=mm&r=g","contentUrl":"https:\/\/secure.gravatar.com\/avatar\/bd1642f56daf98543c27fe0ca8a13f2683a11e5a76e72da9db1d630f74ce78b9?s=96&d=mm&r=g","caption":"ozelichowska"}}]}},"_links":{"self":[{"href":"https:\/\/folgos.pl\/pl\/wp-json\/wp\/v2\/posts\/15914","targetHints":{"allow":["GET"]}}],"collection":[{"href":"https:\/\/folgos.pl\/pl\/wp-json\/wp\/v2\/posts"}],"about":[{"href":"https:\/\/folgos.pl\/pl\/wp-json\/wp\/v2\/types\/post"}],"author":[{"embeddable":true,"href":"https:\/\/folgos.pl\/pl\/wp-json\/wp\/v2\/users\/5"}],"replies":[{"embeddable":true,"href":"https:\/\/folgos.pl\/pl\/wp-json\/wp\/v2\/comments?post=15914"}],"version-history":[{"count":6,"href":"https:\/\/folgos.pl\/pl\/wp-json\/wp\/v2\/posts\/15914\/revisions"}],"predecessor-version":[{"id":15920,"href":"https:\/\/folgos.pl\/pl\/wp-json\/wp\/v2\/posts\/15914\/revisions\/15920"}],"wp:featuredmedia":[{"embeddable":true,"href":"https:\/\/folgos.pl\/pl\/wp-json\/wp\/v2\/media\/15913"}],"wp:attachment":[{"href":"https:\/\/folgos.pl\/pl\/wp-json\/wp\/v2\/media?parent=15914"}],"wp:term":[{"taxonomy":"category","embeddable":true,"href":"https:\/\/folgos.pl\/pl\/wp-json\/wp\/v2\/categories?post=15914"},{"taxonomy":"post_tag","embeddable":true,"href":"https:\/\/folgos.pl\/pl\/wp-json\/wp\/v2\/tags?post=15914"}],"curies":[{"name":"wp","href":"https:\/\/api.w.org\/{rel}","templated":true}]}}