{"id":16165,"date":"2023-12-18T14:58:54","date_gmt":"2023-12-18T13:58:54","guid":{"rendered":"https:\/\/folgos.pl\/pl\/?p=16165"},"modified":"2023-12-18T15:05:31","modified_gmt":"2023-12-18T14:05:31","slug":"wywiad-folgos-liderem-gospodarki-obiegu-zamknietego","status":"publish","type":"post","link":"https:\/\/folgos.pl\/pl\/2023\/12\/18\/wywiad-folgos-liderem-gospodarki-obiegu-zamknietego\/","title":{"rendered":"Wywiad: Folgos liderem Gospodarki Obiegu Zamkni\u0119tego"},"content":{"rendered":"\t\t<div data-elementor-type=\"wp-post\" data-elementor-id=\"16165\" class=\"elementor elementor-16165\">\n\t\t\t\t\t\t\t\t\t<section class=\"elementor-section elementor-top-section elementor-element elementor-element-614ed87c elementor-section-boxed elementor-section-height-default elementor-section-height-default\" data-id=\"614ed87c\" data-element_type=\"section\">\n\t\t\t\t\t\t<div class=\"elementor-container elementor-column-gap-default\">\n\t\t\t\t\t<div class=\"elementor-column elementor-col-100 elementor-top-column elementor-element elementor-element-1af84906\" data-id=\"1af84906\" data-element_type=\"column\">\n\t\t\t<div class=\"elementor-widget-wrap elementor-element-populated\">\n\t\t\t\t\t\t\t\t<div class=\"elementor-element elementor-element-62370d45 elementor-widget elementor-widget-text-editor\" data-id=\"62370d45\" data-element_type=\"widget\" data-widget_type=\"text-editor.default\">\n\t\t\t\t<div class=\"elementor-widget-container\">\n\t\t\t<style>\/*! elementor - v3.17.0 - 08-11-2023 *\/\n.elementor-widget-text-editor.elementor-drop-cap-view-stacked .elementor-drop-cap{background-color:#69727d;color:#fff}.elementor-widget-text-editor.elementor-drop-cap-view-framed .elementor-drop-cap{color:#69727d;border:3px solid;background-color:transparent}.elementor-widget-text-editor:not(.elementor-drop-cap-view-default) .elementor-drop-cap{margin-top:8px}.elementor-widget-text-editor:not(.elementor-drop-cap-view-default) .elementor-drop-cap-letter{width:1em;height:1em}.elementor-widget-text-editor .elementor-drop-cap{float:left;text-align:center;line-height:1;font-size:50px}.elementor-widget-text-editor .elementor-drop-cap-letter{display:inline-block}<\/style>\t\t\t\t<div class=\"xdj266r x11i5rnm xat24cr x1mh8g0r x1vvkbs x126k92a\" style=\"margin: 0px; overflow-wrap: break-word; white-space-collapse: preserve; font-family: 'Segoe UI Historic', 'Segoe UI', Helvetica, Arial, sans-serif; color: #050505; font-size: 15px;\"><p dir=\"auto\" style=\"font-family: inherit;\"><strong><span style=\"font-family: inherit;\"><a class=\"x1i10hfl xjbqb8w x6umtig x1b1mbwd xaqea5y xav7gou x9f619 x1ypdohk xt0psk2 xe8uvvx xdj266r x11i5rnm xat24cr x1mh8g0r xexx8yu x4uap5 x18d9i69 xkhd6sd x16tdsg8 x1hl2dhg xggy1nq x1a2a7pz xt0b8zv x1qq9wsj xo1l8bm\" style=\"color: var(--accent); cursor: pointer; outline: none; list-style: none; margin: 0px; text-align: inherit; padding: 0px; -webkit-tap-highlight-color: transparent; touch-action: manipulation; display: inline; font-family: inherit; border: 0px initial initial;\" tabindex=\"0\" role=\"link\" href=\"https:\/\/www.facebook.com\/Folgos.Polska?__cft__[0]=AZUOvR3qrgXH70BJLNVSf93uviNqJ-_KHZuaiigxFYxyJ0NOU5V_c3EdCAtFm61f9COsZ7f5teHp6oKmzZWtjyPjea6C3kPbb3HI-CuLYy2rhkAnbABPojr658TzVvpYia41IL1sWYRsB0dMwCpkAlwlS4yDDNeC8Ftd5pxa-BzeEx4lMh8EwGOYpKdQn3hX1mM&amp;__tn__=-]K-R\">Folgos<\/a><\/span> liderem GOSPODARKI OBIEGU ZAMKNI\u0118TEGO <span class=\"x3nfvp2 x1j61x8r x1fcty0u xdj266r xhhsvwb xat24cr xgzva0m xxymvpz xlup9mm x1kky2od\" style=\"margin: 0px 1px; height: 16px; display: inline-flex; vertical-align: middle; width: 16px; font-family: inherit;\"><img loading=\"lazy\" decoding=\"async\" class=\"xz74otr\" style=\"border-width: 0px; border-style: initial; object-fit: fill;\" src=\"https:\/\/static.xx.fbcdn.net\/images\/emoji.php\/v9\/tf8\/1\/16\/267b.png\" alt=\"\u267b\" width=\"16\" height=\"16\" \/><\/span><\/strong><\/p><\/div><div class=\"x11i5rnm xat24cr x1mh8g0r x1vvkbs xtlvy1s x126k92a\" style=\"margin: 0.5em 0px 0px; overflow-wrap: break-word; white-space-collapse: preserve; font-family: 'Segoe UI Historic', 'Segoe UI', Helvetica, Arial, sans-serif; color: #050505; font-size: 15px;\"><p dir=\"auto\" style=\"font-family: inherit;\"><strong>Zapraszamy do przeczytania wywiadu:<\/strong><\/p><p dir=\"auto\" style=\"font-family: inherit;\"><a href=\"https:\/\/eplastics.pl\/wiadomosci\/pb\/14966-folgos-prekursor-gospodarki-obiegu-zamknietego-w-polsce?fbclid=IwAR3e0jh_1CisCuo3d1svALAtODdj_xbAZmSZ60MA0n5lutGdna8VND1qaik\">Link do artyku\u0142u eplastics.pl<\/a><\/p><\/div><div class=\"x11i5rnm xat24cr x1mh8g0r x1vvkbs xtlvy1s x126k92a\" style=\"margin: 0.5em 0px 0px; overflow-wrap: break-word; white-space-collapse: preserve; font-family: 'Segoe UI Historic', 'Segoe UI', Helvetica, Arial, sans-serif; color: #050505; font-size: 15px;\"><p dir=\"auto\" style=\"font-family: inherit;\"><span style=\"font-family: inherit;\"><a class=\"x1i10hfl xjbqb8w x6umtig x1b1mbwd xaqea5y xav7gou x9f619 x1ypdohk xt0psk2 xe8uvvx xdj266r x11i5rnm xat24cr x1mh8g0r xexx8yu x4uap5 x18d9i69 xkhd6sd x16tdsg8 x1hl2dhg xggy1nq x1a2a7pz xt0b8zv x1qq9wsj xo1l8bm\" style=\"color: var(--accent); cursor: pointer; outline: none; list-style: none; margin: 0px; text-align: inherit; padding: 0px; -webkit-tap-highlight-color: transparent; touch-action: manipulation; display: inline; font-family: inherit; border: 0px initial initial;\" tabindex=\"0\" role=\"link\" href=\"https:\/\/www.facebook.com\/hashtag\/gospodarkaobieguzamknietego?__eep__=6&amp;__cft__[0]=AZUOvR3qrgXH70BJLNVSf93uviNqJ-_KHZuaiigxFYxyJ0NOU5V_c3EdCAtFm61f9COsZ7f5teHp6oKmzZWtjyPjea6C3kPbb3HI-CuLYy2rhkAnbABPojr658TzVvpYia41IL1sWYRsB0dMwCpkAlwlS4yDDNeC8Ftd5pxa-BzeEx4lMh8EwGOYpKdQn3hX1mM&amp;__tn__=*NK-R\">#gospodarkaobieguzamknietego<\/a><\/span> <span style=\"font-family: inherit;\"><a class=\"x1i10hfl xjbqb8w x6umtig x1b1mbwd xaqea5y xav7gou x9f619 x1ypdohk xt0psk2 xe8uvvx xdj266r x11i5rnm xat24cr x1mh8g0r xexx8yu x4uap5 x18d9i69 xkhd6sd x16tdsg8 x1hl2dhg xggy1nq x1a2a7pz xt0b8zv x1qq9wsj xo1l8bm\" style=\"color: var(--accent); cursor: pointer; outline: none; list-style: none; margin: 0px; text-align: inherit; padding: 0px; -webkit-tap-highlight-color: transparent; touch-action: manipulation; display: inline; font-family: inherit; border: 0px initial initial;\" tabindex=\"0\" role=\"link\" href=\"https:\/\/www.facebook.com\/hashtag\/ekologia?__eep__=6&amp;__cft__[0]=AZUOvR3qrgXH70BJLNVSf93uviNqJ-_KHZuaiigxFYxyJ0NOU5V_c3EdCAtFm61f9COsZ7f5teHp6oKmzZWtjyPjea6C3kPbb3HI-CuLYy2rhkAnbABPojr658TzVvpYia41IL1sWYRsB0dMwCpkAlwlS4yDDNeC8Ftd5pxa-BzeEx4lMh8EwGOYpKdQn3hX1mM&amp;__tn__=*NK-R\">#ekologia<\/a><\/span> <span style=\"font-family: inherit;\"><a class=\"x1i10hfl xjbqb8w x6umtig x1b1mbwd xaqea5y xav7gou x9f619 x1ypdohk xt0psk2 xe8uvvx xdj266r x11i5rnm xat24cr x1mh8g0r xexx8yu x4uap5 x18d9i69 xkhd6sd x16tdsg8 x1hl2dhg xggy1nq x1a2a7pz xt0b8zv x1qq9wsj xo1l8bm\" style=\"color: var(--accent); cursor: pointer; outline: none; list-style: none; margin: 0px; text-align: inherit; padding: 0px; -webkit-tap-highlight-color: transparent; touch-action: manipulation; display: inline; font-family: inherit; border: 0px initial initial;\" tabindex=\"0\" role=\"link\" href=\"https:\/\/www.facebook.com\/hashtag\/recykling?__eep__=6&amp;__cft__[0]=AZUOvR3qrgXH70BJLNVSf93uviNqJ-_KHZuaiigxFYxyJ0NOU5V_c3EdCAtFm61f9COsZ7f5teHp6oKmzZWtjyPjea6C3kPbb3HI-CuLYy2rhkAnbABPojr658TzVvpYia41IL1sWYRsB0dMwCpkAlwlS4yDDNeC8Ftd5pxa-BzeEx4lMh8EwGOYpKdQn3hX1mM&amp;__tn__=*NK-R\">#recykling<\/a><\/span> <span style=\"font-family: inherit;\"><a class=\"x1i10hfl xjbqb8w x6umtig x1b1mbwd xaqea5y xav7gou x9f619 x1ypdohk xt0psk2 xe8uvvx xdj266r x11i5rnm xat24cr x1mh8g0r xexx8yu x4uap5 x18d9i69 xkhd6sd x16tdsg8 x1hl2dhg xggy1nq x1a2a7pz xt0b8zv x1qq9wsj xo1l8bm\" style=\"color: var(--accent); cursor: pointer; outline: none; list-style: none; margin: 0px; text-align: inherit; padding: 0px; -webkit-tap-highlight-color: transparent; touch-action: manipulation; display: inline; font-family: inherit; border: 0px initial initial;\" tabindex=\"0\" role=\"link\" href=\"https:\/\/www.facebook.com\/hashtag\/lessplastic?__eep__=6&amp;__cft__[0]=AZUOvR3qrgXH70BJLNVSf93uviNqJ-_KHZuaiigxFYxyJ0NOU5V_c3EdCAtFm61f9COsZ7f5teHp6oKmzZWtjyPjea6C3kPbb3HI-CuLYy2rhkAnbABPojr658TzVvpYia41IL1sWYRsB0dMwCpkAlwlS4yDDNeC8Ftd5pxa-BzeEx4lMh8EwGOYpKdQn3hX1mM&amp;__tn__=*NK-R\">#lessplastic<\/a><\/span><\/p><\/div>\t\t\t\t\t\t<\/div>\n\t\t\t\t<\/div>\n\t\t\t\t\t<\/div>\n\t\t<\/div>\n\t\t\t\t\t\t\t<\/div>\n\t\t<\/section>\n\t\t\t\t\t\t\t<\/div>\n\t\t","protected":false},"excerpt":{"rendered":"<p>Folgos liderem GOSPODARKI OBIEGU ZAMKNI\u0118TEGO Zapraszamy do przeczytania wywiadu: Link do artyku\u0142u eplastics.pl #gospodarkaobieguzamknietego #ekologia #recykling #lessplastic<\/p>\n","protected":false},"author":5,"featured_media":16168,"comment_status":"closed","ping_status":"closed","sticky":false,"template":"","format":"standard","meta":{"footnotes":""},"categories":[61],"tags":[177,157,190,188],"class_list":["post-16165","post","type-post","status-publish","format-standard","has-post-thumbnail","hentry","category-aktualnosci-pl","tag-ekologia","tag-folgos","tag-gospodarkaobieguzamknietego","tag-wywiad"],"yoast_head":"<!-- This site is optimized with the Yoast SEO plugin v23.9 - https:\/\/yoast.com\/wordpress\/plugins\/seo\/ -->\n<title>Wywiad: Folgos liderem Gospodarki Obiegu Zamkni\u0119tego &#8212; FOLGOS<\/title>\n<meta name=\"robots\" content=\"index, follow, max-snippet:-1, max-image-preview:large, max-video-preview:-1\" \/>\n<link rel=\"canonical\" href=\"https:\/\/folgos.pl\/pl\/2023\/12\/18\/wywiad-folgos-liderem-gospodarki-obiegu-zamknietego\/\" \/>\n<meta property=\"og:locale\" content=\"pl_PL\" \/>\n<meta property=\"og:type\" content=\"article\" \/>\n<meta property=\"og:title\" content=\"Wywiad: Folgos liderem Gospodarki Obiegu Zamkni\u0119tego &#8212; FOLGOS\" \/>\n<meta property=\"og:description\" content=\"Folgos liderem GOSPODARKI OBIEGU ZAMKNI\u0118TEGO Zapraszamy do przeczytania wywiadu: Link do artyku\u0142u eplastics.pl #gospodarkaobieguzamknietego #ekologia #recykling #lessplastic\" \/>\n<meta property=\"og:url\" content=\"https:\/\/folgos.pl\/pl\/2023\/12\/18\/wywiad-folgos-liderem-gospodarki-obiegu-zamknietego\/\" \/>\n<meta property=\"og:site_name\" content=\"FOLGOS\" \/>\n<meta property=\"article:publisher\" content=\"https:\/\/www.facebook.com\/Folgos.Polska\" \/>\n<meta property=\"article:published_time\" content=\"2023-12-18T13:58:54+00:00\" \/>\n<meta property=\"article:modified_time\" content=\"2023-12-18T14:05:31+00:00\" \/>\n<meta property=\"og:image\" content=\"https:\/\/folgos.pl\/pl\/wp-content\/uploads\/2023\/12\/Folgos-liderem-gospodarki-obiegu-1.jpg\" \/>\n\t<meta property=\"og:image:width\" content=\"600\" \/>\n\t<meta property=\"og:image:height\" content=\"600\" \/>\n\t<meta property=\"og:image:type\" content=\"image\/jpeg\" \/>\n<meta name=\"author\" content=\"ozelichowska\" \/>\n<meta name=\"twitter:card\" content=\"summary_large_image\" \/>\n<meta name=\"twitter:label1\" content=\"Napisane przez\" \/>\n\t<meta name=\"twitter:data1\" content=\"ozelichowska\" \/>\n<script type=\"application\/ld+json\" class=\"yoast-schema-graph\">{\"@context\":\"https:\/\/schema.org\",\"@graph\":[{\"@type\":\"Article\",\"@id\":\"https:\/\/folgos.pl\/pl\/2023\/12\/18\/wywiad-folgos-liderem-gospodarki-obiegu-zamknietego\/#article\",\"isPartOf\":{\"@id\":\"https:\/\/folgos.pl\/pl\/2023\/12\/18\/wywiad-folgos-liderem-gospodarki-obiegu-zamknietego\/\"},\"author\":{\"name\":\"ozelichowska\",\"@id\":\"https:\/\/folgos.pl\/pl\/#\/schema\/person\/2e9f2854816d86663445ea94f945b7ec\"},\"headline\":\"Wywiad: Folgos liderem Gospodarki Obiegu Zamkni\u0119tego\",\"datePublished\":\"2023-12-18T13:58:54+00:00\",\"dateModified\":\"2023-12-18T14:05:31+00:00\",\"mainEntityOfPage\":{\"@id\":\"https:\/\/folgos.pl\/pl\/2023\/12\/18\/wywiad-folgos-liderem-gospodarki-obiegu-zamknietego\/\"},\"wordCount\":27,\"publisher\":{\"@id\":\"https:\/\/folgos.pl\/pl\/#organization\"},\"image\":{\"@id\":\"https:\/\/folgos.pl\/pl\/2023\/12\/18\/wywiad-folgos-liderem-gospodarki-obiegu-zamknietego\/#primaryimage\"},\"thumbnailUrl\":\"https:\/\/folgos.pl\/pl\/wp-content\/uploads\/2023\/12\/Folgos-liderem-gospodarki-obiegu-1.jpg\",\"keywords\":[\"ekologia\",\"folgos\",\"gospodarkaobieguzamkni\u0119tego\",\"wywiad\"],\"articleSection\":[\"Aktualno\u015bci\"],\"inLanguage\":\"pl-PL\"},{\"@type\":\"WebPage\",\"@id\":\"https:\/\/folgos.pl\/pl\/2023\/12\/18\/wywiad-folgos-liderem-gospodarki-obiegu-zamknietego\/\",\"url\":\"https:\/\/folgos.pl\/pl\/2023\/12\/18\/wywiad-folgos-liderem-gospodarki-obiegu-zamknietego\/\",\"name\":\"Wywiad: Folgos liderem Gospodarki Obiegu Zamkni\u0119tego &#8212; FOLGOS\",\"isPartOf\":{\"@id\":\"https:\/\/folgos.pl\/pl\/#website\"},\"primaryImageOfPage\":{\"@id\":\"https:\/\/folgos.pl\/pl\/2023\/12\/18\/wywiad-folgos-liderem-gospodarki-obiegu-zamknietego\/#primaryimage\"},\"image\":{\"@id\":\"https:\/\/folgos.pl\/pl\/2023\/12\/18\/wywiad-folgos-liderem-gospodarki-obiegu-zamknietego\/#primaryimage\"},\"thumbnailUrl\":\"https:\/\/folgos.pl\/pl\/wp-content\/uploads\/2023\/12\/Folgos-liderem-gospodarki-obiegu-1.jpg\",\"datePublished\":\"2023-12-18T13:58:54+00:00\",\"dateModified\":\"2023-12-18T14:05:31+00:00\",\"breadcrumb\":{\"@id\":\"https:\/\/folgos.pl\/pl\/2023\/12\/18\/wywiad-folgos-liderem-gospodarki-obiegu-zamknietego\/#breadcrumb\"},\"inLanguage\":\"pl-PL\",\"potentialAction\":[{\"@type\":\"ReadAction\",\"target\":[\"https:\/\/folgos.pl\/pl\/2023\/12\/18\/wywiad-folgos-liderem-gospodarki-obiegu-zamknietego\/\"]}]},{\"@type\":\"ImageObject\",\"inLanguage\":\"pl-PL\",\"@id\":\"https:\/\/folgos.pl\/pl\/2023\/12\/18\/wywiad-folgos-liderem-gospodarki-obiegu-zamknietego\/#primaryimage\",\"url\":\"https:\/\/folgos.pl\/pl\/wp-content\/uploads\/2023\/12\/Folgos-liderem-gospodarki-obiegu-1.jpg\",\"contentUrl\":\"https:\/\/folgos.pl\/pl\/wp-content\/uploads\/2023\/12\/Folgos-liderem-gospodarki-obiegu-1.jpg\",\"width\":600,\"height\":600},{\"@type\":\"BreadcrumbList\",\"@id\":\"https:\/\/folgos.pl\/pl\/2023\/12\/18\/wywiad-folgos-liderem-gospodarki-obiegu-zamknietego\/#breadcrumb\",\"itemListElement\":[{\"@type\":\"ListItem\",\"position\":1,\"name\":\"Strona g\u0142\u00f3wna\",\"item\":\"https:\/\/folgos.pl\/pl\/\"},{\"@type\":\"ListItem\",\"position\":2,\"name\":\"Wywiad: Folgos liderem Gospodarki Obiegu Zamkni\u0119tego\"}]},{\"@type\":\"WebSite\",\"@id\":\"https:\/\/folgos.pl\/pl\/#website\",\"url\":\"https:\/\/folgos.pl\/pl\/\",\"name\":\"FOLGOS - producent ekologicznej folii\",\"description\":\"\u0141\u0105czymy jako\u015b\u0107 z ekologi\u0105\",\"publisher\":{\"@id\":\"https:\/\/folgos.pl\/pl\/#organization\"},\"potentialAction\":[{\"@type\":\"SearchAction\",\"target\":{\"@type\":\"EntryPoint\",\"urlTemplate\":\"https:\/\/folgos.pl\/pl\/?s={search_term_string}\"},\"query-input\":{\"@type\":\"PropertyValueSpecification\",\"valueRequired\":true,\"valueName\":\"search_term_string\"}}],\"inLanguage\":\"pl-PL\"},{\"@type\":\"Organization\",\"@id\":\"https:\/\/folgos.pl\/pl\/#organization\",\"name\":\"FOLGOS\",\"url\":\"https:\/\/folgos.pl\/pl\/\",\"logo\":{\"@type\":\"ImageObject\",\"inLanguage\":\"pl-PL\",\"@id\":\"https:\/\/folgos.pl\/pl\/#\/schema\/logo\/image\/\",\"url\":\"https:\/\/folgos.pl\/pl\/wp-content\/uploads\/2023\/06\/Folgos_logo_RGB_v17-05-23.png\",\"contentUrl\":\"https:\/\/folgos.pl\/pl\/wp-content\/uploads\/2023\/06\/Folgos_logo_RGB_v17-05-23.png\",\"width\":439,\"height\":178,\"caption\":\"FOLGOS\"},\"image\":{\"@id\":\"https:\/\/folgos.pl\/pl\/#\/schema\/logo\/image\/\"},\"sameAs\":[\"https:\/\/www.facebook.com\/Folgos.Polska\",\"https:\/\/www.linkedin.com\/company\/folgos\/\"]},{\"@type\":\"Person\",\"@id\":\"https:\/\/folgos.pl\/pl\/#\/schema\/person\/2e9f2854816d86663445ea94f945b7ec\",\"name\":\"ozelichowska\",\"image\":{\"@type\":\"ImageObject\",\"inLanguage\":\"pl-PL\",\"@id\":\"https:\/\/folgos.pl\/pl\/#\/schema\/person\/image\/\",\"url\":\"https:\/\/secure.gravatar.com\/avatar\/bd1642f56daf98543c27fe0ca8a13f2683a11e5a76e72da9db1d630f74ce78b9?s=96&d=mm&r=g\",\"contentUrl\":\"https:\/\/secure.gravatar.com\/avatar\/bd1642f56daf98543c27fe0ca8a13f2683a11e5a76e72da9db1d630f74ce78b9?s=96&d=mm&r=g\",\"caption\":\"ozelichowska\"}}]}<\/script>\n<!-- \/ Yoast SEO plugin. -->","yoast_head_json":{"title":"Wywiad: Folgos liderem Gospodarki Obiegu Zamkni\u0119tego &#8212; FOLGOS","robots":{"index":"index","follow":"follow","max-snippet":"max-snippet:-1","max-image-preview":"max-image-preview:large","max-video-preview":"max-video-preview:-1"},"canonical":"https:\/\/folgos.pl\/pl\/2023\/12\/18\/wywiad-folgos-liderem-gospodarki-obiegu-zamknietego\/","og_locale":"pl_PL","og_type":"article","og_title":"Wywiad: Folgos liderem Gospodarki Obiegu Zamkni\u0119tego &#8212; FOLGOS","og_description":"Folgos liderem GOSPODARKI OBIEGU ZAMKNI\u0118TEGO Zapraszamy do przeczytania wywiadu: Link do artyku\u0142u eplastics.pl #gospodarkaobieguzamknietego #ekologia #recykling #lessplastic","og_url":"https:\/\/folgos.pl\/pl\/2023\/12\/18\/wywiad-folgos-liderem-gospodarki-obiegu-zamknietego\/","og_site_name":"FOLGOS","article_publisher":"https:\/\/www.facebook.com\/Folgos.Polska","article_published_time":"2023-12-18T13:58:54+00:00","article_modified_time":"2023-12-18T14:05:31+00:00","og_image":[{"width":600,"height":600,"url":"https:\/\/folgos.pl\/pl\/wp-content\/uploads\/2023\/12\/Folgos-liderem-gospodarki-obiegu-1.jpg","type":"image\/jpeg"}],"author":"ozelichowska","twitter_card":"summary_large_image","twitter_misc":{"Napisane przez":"ozelichowska"},"schema":{"@context":"https:\/\/schema.org","@graph":[{"@type":"Article","@id":"https:\/\/folgos.pl\/pl\/2023\/12\/18\/wywiad-folgos-liderem-gospodarki-obiegu-zamknietego\/#article","isPartOf":{"@id":"https:\/\/folgos.pl\/pl\/2023\/12\/18\/wywiad-folgos-liderem-gospodarki-obiegu-zamknietego\/"},"author":{"name":"ozelichowska","@id":"https:\/\/folgos.pl\/pl\/#\/schema\/person\/2e9f2854816d86663445ea94f945b7ec"},"headline":"Wywiad: Folgos liderem Gospodarki Obiegu Zamkni\u0119tego","datePublished":"2023-12-18T13:58:54+00:00","dateModified":"2023-12-18T14:05:31+00:00","mainEntityOfPage":{"@id":"https:\/\/folgos.pl\/pl\/2023\/12\/18\/wywiad-folgos-liderem-gospodarki-obiegu-zamknietego\/"},"wordCount":27,"publisher":{"@id":"https:\/\/folgos.pl\/pl\/#organization"},"image":{"@id":"https:\/\/folgos.pl\/pl\/2023\/12\/18\/wywiad-folgos-liderem-gospodarki-obiegu-zamknietego\/#primaryimage"},"thumbnailUrl":"https:\/\/folgos.pl\/pl\/wp-content\/uploads\/2023\/12\/Folgos-liderem-gospodarki-obiegu-1.jpg","keywords":["ekologia","folgos","gospodarkaobieguzamkni\u0119tego","wywiad"],"articleSection":["Aktualno\u015bci"],"inLanguage":"pl-PL"},{"@type":"WebPage","@id":"https:\/\/folgos.pl\/pl\/2023\/12\/18\/wywiad-folgos-liderem-gospodarki-obiegu-zamknietego\/","url":"https:\/\/folgos.pl\/pl\/2023\/12\/18\/wywiad-folgos-liderem-gospodarki-obiegu-zamknietego\/","name":"Wywiad: Folgos liderem Gospodarki Obiegu Zamkni\u0119tego &#8212; FOLGOS","isPartOf":{"@id":"https:\/\/folgos.pl\/pl\/#website"},"primaryImageOfPage":{"@id":"https:\/\/folgos.pl\/pl\/2023\/12\/18\/wywiad-folgos-liderem-gospodarki-obiegu-zamknietego\/#primaryimage"},"image":{"@id":"https:\/\/folgos.pl\/pl\/2023\/12\/18\/wywiad-folgos-liderem-gospodarki-obiegu-zamknietego\/#primaryimage"},"thumbnailUrl":"https:\/\/folgos.pl\/pl\/wp-content\/uploads\/2023\/12\/Folgos-liderem-gospodarki-obiegu-1.jpg","datePublished":"2023-12-18T13:58:54+00:00","dateModified":"2023-12-18T14:05:31+00:00","breadcrumb":{"@id":"https:\/\/folgos.pl\/pl\/2023\/12\/18\/wywiad-folgos-liderem-gospodarki-obiegu-zamknietego\/#breadcrumb"},"inLanguage":"pl-PL","potentialAction":[{"@type":"ReadAction","target":["https:\/\/folgos.pl\/pl\/2023\/12\/18\/wywiad-folgos-liderem-gospodarki-obiegu-zamknietego\/"]}]},{"@type":"ImageObject","inLanguage":"pl-PL","@id":"https:\/\/folgos.pl\/pl\/2023\/12\/18\/wywiad-folgos-liderem-gospodarki-obiegu-zamknietego\/#primaryimage","url":"https:\/\/folgos.pl\/pl\/wp-content\/uploads\/2023\/12\/Folgos-liderem-gospodarki-obiegu-1.jpg","contentUrl":"https:\/\/folgos.pl\/pl\/wp-content\/uploads\/2023\/12\/Folgos-liderem-gospodarki-obiegu-1.jpg","width":600,"height":600},{"@type":"BreadcrumbList","@id":"https:\/\/folgos.pl\/pl\/2023\/12\/18\/wywiad-folgos-liderem-gospodarki-obiegu-zamknietego\/#breadcrumb","itemListElement":[{"@type":"ListItem","position":1,"name":"Strona g\u0142\u00f3wna","item":"https:\/\/folgos.pl\/pl\/"},{"@type":"ListItem","position":2,"name":"Wywiad: Folgos liderem Gospodarki Obiegu Zamkni\u0119tego"}]},{"@type":"WebSite","@id":"https:\/\/folgos.pl\/pl\/#website","url":"https:\/\/folgos.pl\/pl\/","name":"FOLGOS - producent ekologicznej folii","description":"\u0141\u0105czymy jako\u015b\u0107 z ekologi\u0105","publisher":{"@id":"https:\/\/folgos.pl\/pl\/#organization"},"potentialAction":[{"@type":"SearchAction","target":{"@type":"EntryPoint","urlTemplate":"https:\/\/folgos.pl\/pl\/?s={search_term_string}"},"query-input":{"@type":"PropertyValueSpecification","valueRequired":true,"valueName":"search_term_string"}}],"inLanguage":"pl-PL"},{"@type":"Organization","@id":"https:\/\/folgos.pl\/pl\/#organization","name":"FOLGOS","url":"https:\/\/folgos.pl\/pl\/","logo":{"@type":"ImageObject","inLanguage":"pl-PL","@id":"https:\/\/folgos.pl\/pl\/#\/schema\/logo\/image\/","url":"https:\/\/folgos.pl\/pl\/wp-content\/uploads\/2023\/06\/Folgos_logo_RGB_v17-05-23.png","contentUrl":"https:\/\/folgos.pl\/pl\/wp-content\/uploads\/2023\/06\/Folgos_logo_RGB_v17-05-23.png","width":439,"height":178,"caption":"FOLGOS"},"image":{"@id":"https:\/\/folgos.pl\/pl\/#\/schema\/logo\/image\/"},"sameAs":["https:\/\/www.facebook.com\/Folgos.Polska","https:\/\/www.linkedin.com\/company\/folgos\/"]},{"@type":"Person","@id":"https:\/\/folgos.pl\/pl\/#\/schema\/person\/2e9f2854816d86663445ea94f945b7ec","name":"ozelichowska","image":{"@type":"ImageObject","inLanguage":"pl-PL","@id":"https:\/\/folgos.pl\/pl\/#\/schema\/person\/image\/","url":"https:\/\/secure.gravatar.com\/avatar\/bd1642f56daf98543c27fe0ca8a13f2683a11e5a76e72da9db1d630f74ce78b9?s=96&d=mm&r=g","contentUrl":"https:\/\/secure.gravatar.com\/avatar\/bd1642f56daf98543c27fe0ca8a13f2683a11e5a76e72da9db1d630f74ce78b9?s=96&d=mm&r=g","caption":"ozelichowska"}}]}},"_links":{"self":[{"href":"https:\/\/folgos.pl\/pl\/wp-json\/wp\/v2\/posts\/16165","targetHints":{"allow":["GET"]}}],"collection":[{"href":"https:\/\/folgos.pl\/pl\/wp-json\/wp\/v2\/posts"}],"about":[{"href":"https:\/\/folgos.pl\/pl\/wp-json\/wp\/v2\/types\/post"}],"author":[{"embeddable":true,"href":"https:\/\/folgos.pl\/pl\/wp-json\/wp\/v2\/users\/5"}],"replies":[{"embeddable":true,"href":"https:\/\/folgos.pl\/pl\/wp-json\/wp\/v2\/comments?post=16165"}],"version-history":[{"count":3,"href":"https:\/\/folgos.pl\/pl\/wp-json\/wp\/v2\/posts\/16165\/revisions"}],"predecessor-version":[{"id":16171,"href":"https:\/\/folgos.pl\/pl\/wp-json\/wp\/v2\/posts\/16165\/revisions\/16171"}],"wp:featuredmedia":[{"embeddable":true,"href":"https:\/\/folgos.pl\/pl\/wp-json\/wp\/v2\/media\/16168"}],"wp:attachment":[{"href":"https:\/\/folgos.pl\/pl\/wp-json\/wp\/v2\/media?parent=16165"}],"wp:term":[{"taxonomy":"category","embeddable":true,"href":"https:\/\/folgos.pl\/pl\/wp-json\/wp\/v2\/categories?post=16165"},{"taxonomy":"post_tag","embeddable":true,"href":"https:\/\/folgos.pl\/pl\/wp-json\/wp\/v2\/tags?post=16165"}],"curies":[{"name":"wp","href":"https:\/\/api.w.org\/{rel}","templated":true}]}}