{"id":17191,"date":"2024-03-18T15:30:01","date_gmt":"2024-03-18T14:30:01","guid":{"rendered":"https:\/\/folgos.pl\/pl\/?p=17191"},"modified":"2024-03-18T15:38:10","modified_gmt":"2024-03-18T14:38:10","slug":"recykling-a-zmniejszenie-emisji-c02-do-srodowiska","status":"publish","type":"post","link":"https:\/\/folgos.pl\/pl\/2024\/03\/18\/recykling-a-zmniejszenie-emisji-c02-do-srodowiska\/","title":{"rendered":"RECYKLING A ZMNIEJSZENIE EMISJI C02 DO \u015aRODOWISKA"},"content":{"rendered":"\t\t<div data-elementor-type=\"wp-post\" data-elementor-id=\"17191\" class=\"elementor elementor-17191\">\n\t\t\t\t\t\t\t\t\t<section class=\"elementor-section elementor-top-section elementor-element elementor-element-614ed87c elementor-section-boxed elementor-section-height-default elementor-section-height-default\" data-id=\"614ed87c\" data-element_type=\"section\">\n\t\t\t\t\t\t<div class=\"elementor-container elementor-column-gap-default\">\n\t\t\t\t\t<div class=\"elementor-column elementor-col-100 elementor-top-column elementor-element elementor-element-1af84906\" data-id=\"1af84906\" data-element_type=\"column\">\n\t\t\t<div class=\"elementor-widget-wrap elementor-element-populated\">\n\t\t\t\t\t\t\t\t<div class=\"elementor-element elementor-element-62370d45 elementor-widget elementor-widget-text-editor\" data-id=\"62370d45\" data-element_type=\"widget\" data-widget_type=\"text-editor.default\">\n\t\t\t\t<div class=\"elementor-widget-container\">\n\t\t\t<style>\/*! elementor - v3.17.0 - 08-11-2023 *\/\n.elementor-widget-text-editor.elementor-drop-cap-view-stacked .elementor-drop-cap{background-color:#69727d;color:#fff}.elementor-widget-text-editor.elementor-drop-cap-view-framed .elementor-drop-cap{color:#69727d;border:3px solid;background-color:transparent}.elementor-widget-text-editor:not(.elementor-drop-cap-view-default) .elementor-drop-cap{margin-top:8px}.elementor-widget-text-editor:not(.elementor-drop-cap-view-default) .elementor-drop-cap-letter{width:1em;height:1em}.elementor-widget-text-editor .elementor-drop-cap{float:left;text-align:center;line-height:1;font-size:50px}.elementor-widget-text-editor .elementor-drop-cap-letter{display:inline-block}<\/style>\t\t\t\t<p>Niemal wszystkie kraje i rz\u0105dy na \u015bwiecie pr\u00f3buj\u0105 zmniejszy\u0107 emisj\u0119 szkodliwego C02 do atmosfery. Praktycznie ka\u017cdy mieszkaniec kraj\u00f3w rozwini\u0119tych czuje presj\u0119 aby przysz\u0142e pokolenia mog\u0142y oddycha\u0107 czystym i zdrowym powietrzem. Jak jednak w praktyce to zrobi\u0107?<\/p><p><strong>Jak mo\u017cemy ograniczy\u0107 szkodliw\u0105 emisj\u0119 dwutlenku w\u0119gla r\u00f3wnocze\u015bnie \u017cyj\u0105c w taki sam spos\u00f3b<\/strong>, tzn. prowadz\u0105c gospodarstwa domowe czy przedsi\u0119biorstwa na dotychczasowych zasadach, podr\u00f3\u017cuj\u0105c szybko i wygodnie itd. ?<\/p><p><u>Jak zwykle nie ma prostej i skutecznej metody, ale pewne rozwi\u0105zania mo\u017ce ka\u017cdy z nas wdro\u017cy\u0107 ju\u017c od zaraz. Oto kilka przyk\u0142ad\u00f3w: <\/u><\/p><p>&#8211; <strong>wy\u0142\u0105czanie niepotrzebnego o\u015bwietlenia<\/strong> (poprzez m.in. gaszenie \u015bwiate\u0142 w pustych pomieszczeniach czy zmniejszenie nat\u0119\u017cenia o\u015bwietlenia ) b\u0105d\u017a nieu\u017cywanych urz\u0105dze\u0144 elektrycznych z gniazdek;<\/p><p>&#8211; oszcz\u0119dzanie energii poprzez <strong>zakup energooszcz\u0119dnych urz\u0105dze\u0144 AGD i RTV oraz \u017car\u00f3wek<\/strong>;<\/p><p>&#8211; <strong>optymalizacja codziennych czynno\u015bci<\/strong>, np. gotowanie takiej ilo\u015bci wody, kt\u00f3r\u0105 naprawd\u0119 potrzebujemy czy w\u0142\u0105czanie pralki\/zmywarki w pe\u0142ni za\u0142adowanej;<\/p><p>&#8211; warto <strong>zadba\u0107 w okresie zimowym (grzewczym) o sta\u0142\u0105 temperatur\u0119 powietrza<\/strong> w mieszkaniu, lepiej \u00a0cz\u0119\u015bciej a kr\u00f3cej wietrzy\u0107 pomieszczenia i maksymalnie ograniczy\u0107 ogrzewanie podczas d\u0142u\u017cszej nieobecno\u015bci;<\/p><p>&#8211; na kr\u00f3tkie czy codzienne odcinki podr\u00f3\u017cy wybierajmy \u015brodki komunikacji miejskiej, rower czy nawet spacer (np. do pobliskiego sklepu).<\/p><p>Wszystkie powy\u017csze przyk\u0142ady nie wymagaj\u0105\u00a0 od nas du\u017cych inwestycji a jedynie zmiany przyzwyczaje\u0144. Dzi\u0119ki takim niewielkim dzia\u0142aniom redukcja CO2 mo\u017ce by\u0107 naprawd\u0119 znaczna w skali roku.<\/p><p><u>Jak jeszcze mo\u017cemy znacznie bardziej ograniczy\u0107 \u015blad w\u0119glowy? <\/u><\/p><p><strong>Recykling jako niezwykle skuteczny spos\u00f3b na zmniejszenie emisji CO2. <\/strong><\/p><p>W prostych s\u0142owach mo\u017cemy opisa\u0107 recykling jako proces przetwarzania odpad\u00f3w aby mog\u0142y by\u0107 one ponownie wykorzystane. <strong>Dzi\u0119ki recyklingowi zmniejszamy ilo\u015bci odpad\u00f3w<\/strong>, kt\u00f3re trafiaj\u0105 na wysypiska, a tym samym ograniczamy emisj\u0119 CO2 zwi\u0105zanej z ich rozk\u0142adem.<\/p><p>Sam proces produkcji <strong>opakowa\u0144 z recyklingu<\/strong> jest tak\u017ce zazwyczaj mniej energoch\u0142onny ni\u017c w przypadku produkcji z nowych surowc\u00f3w a ponadto recykling redukuje zanieczyszczenie powietrza i wody, eliminuj\u0105c potrzeb\u0119 wytwarzania i utylizacji nowych materia\u0142\u00f3w.<\/p><p><strong>Recykling<\/strong> jest szczeg\u00f3lnie istotny w przypadku plastiku, szk\u0142a i papieru. Ograniczamy w ten spos\u00f3b wycink\u0119 drzew oraz w znaczny spos\u00f3b ograniczamy ilo\u015b\u0107 plastiku, kt\u00f3ry dzi\u0119ki temu nie trafi do ocean\u00f3w i na wysypiska.<\/p>\t\t\t\t\t\t<\/div>\n\t\t\t\t<\/div>\n\t\t\t\t\t<\/div>\n\t\t<\/div>\n\t\t\t\t\t\t\t<\/div>\n\t\t<\/section>\n\t\t\t\t\t\t\t<\/div>\n\t\t","protected":false},"excerpt":{"rendered":"<p>Niemal wszystkie kraje i rz\u0105dy na \u015bwiecie pr\u00f3buj\u0105 zmniejszy\u0107 emisj\u0119 szkodliwego C02 do atmosfery. Praktycznie ka\u017cdy mieszkaniec kraj\u00f3w rozwini\u0119tych czuje presj\u0119 aby przysz\u0142e pokolenia mog\u0142y oddycha\u0107 czystym i zdrowym powietrzem. Jak jednak w praktyce to zrobi\u0107? Jak mo\u017cemy ograniczy\u0107 szkodliw\u0105 emisj\u0119 dwutlenku w\u0119gla r\u00f3wnocze\u015bnie \u017cyj\u0105c w taki sam spos\u00f3b, tzn. prowadz\u0105c gospodarstwa domowe czy przedsi\u0119biorstwa [&hellip;]<\/p>\n","protected":false},"author":5,"featured_media":17201,"comment_status":"closed","ping_status":"closed","sticky":false,"template":"","format":"standard","meta":{"footnotes":""},"categories":[75],"tags":[165,167,169,171,173],"class_list":["post-17191","post","type-post","status-publish","format-standard","has-post-thumbnail","hentry","category-wiedza-pl","tag-ochrona-przyrody","tag-roznorodnosc","tag-srodowisko","tag-zagrozone-gatunki","tag-zrownowazony-rozwoj"],"yoast_head":"<!-- This site is optimized with the Yoast SEO plugin v23.9 - https:\/\/yoast.com\/wordpress\/plugins\/seo\/ -->\n<title>RECYKLING A ZMNIEJSZENIE EMISJI C02 DO \u015aRODOWISKA &#8212; FOLGOS<\/title>\n<meta name=\"robots\" content=\"index, follow, max-snippet:-1, max-image-preview:large, max-video-preview:-1\" \/>\n<link rel=\"canonical\" href=\"https:\/\/folgos.pl\/pl\/2024\/03\/18\/recykling-a-zmniejszenie-emisji-c02-do-srodowiska\/\" \/>\n<meta property=\"og:locale\" content=\"pl_PL\" \/>\n<meta property=\"og:type\" content=\"article\" \/>\n<meta property=\"og:title\" content=\"RECYKLING A ZMNIEJSZENIE EMISJI C02 DO \u015aRODOWISKA &#8212; FOLGOS\" \/>\n<meta property=\"og:description\" content=\"Niemal wszystkie kraje i rz\u0105dy na \u015bwiecie pr\u00f3buj\u0105 zmniejszy\u0107 emisj\u0119 szkodliwego C02 do atmosfery. Praktycznie ka\u017cdy mieszkaniec kraj\u00f3w rozwini\u0119tych czuje presj\u0119 aby przysz\u0142e pokolenia mog\u0142y oddycha\u0107 czystym i zdrowym powietrzem. Jak jednak w praktyce to zrobi\u0107? Jak mo\u017cemy ograniczy\u0107 szkodliw\u0105 emisj\u0119 dwutlenku w\u0119gla r\u00f3wnocze\u015bnie \u017cyj\u0105c w taki sam spos\u00f3b, tzn. prowadz\u0105c gospodarstwa domowe czy przedsi\u0119biorstwa [&hellip;]\" \/>\n<meta property=\"og:url\" content=\"https:\/\/folgos.pl\/pl\/2024\/03\/18\/recykling-a-zmniejszenie-emisji-c02-do-srodowiska\/\" \/>\n<meta property=\"og:site_name\" content=\"FOLGOS\" \/>\n<meta property=\"article:publisher\" content=\"https:\/\/www.facebook.com\/Folgos.Polska\" \/>\n<meta property=\"article:published_time\" content=\"2024-03-18T14:30:01+00:00\" \/>\n<meta property=\"article:modified_time\" content=\"2024-03-18T14:38:10+00:00\" \/>\n<meta property=\"og:image\" content=\"https:\/\/folgos.pl\/pl\/wp-content\/uploads\/2024\/03\/Folgos-artykul-na-bloga-redukcja-CO2-1.jpg\" \/>\n\t<meta property=\"og:image:width\" content=\"1080\" \/>\n\t<meta property=\"og:image:height\" content=\"938\" \/>\n\t<meta property=\"og:image:type\" content=\"image\/jpeg\" \/>\n<meta name=\"author\" content=\"ozelichowska\" \/>\n<meta name=\"twitter:card\" content=\"summary_large_image\" \/>\n<meta name=\"twitter:label1\" content=\"Napisane przez\" \/>\n\t<meta name=\"twitter:data1\" content=\"ozelichowska\" \/>\n\t<meta name=\"twitter:label2\" content=\"Szacowany czas czytania\" \/>\n\t<meta name=\"twitter:data2\" content=\"2 minuty\" \/>\n<script type=\"application\/ld+json\" class=\"yoast-schema-graph\">{\"@context\":\"https:\/\/schema.org\",\"@graph\":[{\"@type\":\"Article\",\"@id\":\"https:\/\/folgos.pl\/pl\/2024\/03\/18\/recykling-a-zmniejszenie-emisji-c02-do-srodowiska\/#article\",\"isPartOf\":{\"@id\":\"https:\/\/folgos.pl\/pl\/2024\/03\/18\/recykling-a-zmniejszenie-emisji-c02-do-srodowiska\/\"},\"author\":{\"name\":\"ozelichowska\",\"@id\":\"https:\/\/folgos.pl\/pl\/#\/schema\/person\/2e9f2854816d86663445ea94f945b7ec\"},\"headline\":\"RECYKLING A ZMNIEJSZENIE EMISJI C02 DO \u015aRODOWISKA\",\"datePublished\":\"2024-03-18T14:30:01+00:00\",\"dateModified\":\"2024-03-18T14:38:10+00:00\",\"mainEntityOfPage\":{\"@id\":\"https:\/\/folgos.pl\/pl\/2024\/03\/18\/recykling-a-zmniejszenie-emisji-c02-do-srodowiska\/\"},\"wordCount\":412,\"publisher\":{\"@id\":\"https:\/\/folgos.pl\/pl\/#organization\"},\"image\":{\"@id\":\"https:\/\/folgos.pl\/pl\/2024\/03\/18\/recykling-a-zmniejszenie-emisji-c02-do-srodowiska\/#primaryimage\"},\"thumbnailUrl\":\"https:\/\/folgos.pl\/pl\/wp-content\/uploads\/2024\/03\/Folgos-artykul-na-bloga-redukcja-CO2-1.jpg\",\"keywords\":[\"ochrona przyrody\",\"r\u00f3\u017cnorodno\u015b\u0107\",\"\u015brodowisko\",\"zagro\u017cone gatunki\",\"zr\u00f3wnowa\u017cony rozw\u00f3j\"],\"articleSection\":[\"Wiedza\"],\"inLanguage\":\"pl-PL\"},{\"@type\":\"WebPage\",\"@id\":\"https:\/\/folgos.pl\/pl\/2024\/03\/18\/recykling-a-zmniejszenie-emisji-c02-do-srodowiska\/\",\"url\":\"https:\/\/folgos.pl\/pl\/2024\/03\/18\/recykling-a-zmniejszenie-emisji-c02-do-srodowiska\/\",\"name\":\"RECYKLING A ZMNIEJSZENIE EMISJI C02 DO \u015aRODOWISKA &#8212; FOLGOS\",\"isPartOf\":{\"@id\":\"https:\/\/folgos.pl\/pl\/#website\"},\"primaryImageOfPage\":{\"@id\":\"https:\/\/folgos.pl\/pl\/2024\/03\/18\/recykling-a-zmniejszenie-emisji-c02-do-srodowiska\/#primaryimage\"},\"image\":{\"@id\":\"https:\/\/folgos.pl\/pl\/2024\/03\/18\/recykling-a-zmniejszenie-emisji-c02-do-srodowiska\/#primaryimage\"},\"thumbnailUrl\":\"https:\/\/folgos.pl\/pl\/wp-content\/uploads\/2024\/03\/Folgos-artykul-na-bloga-redukcja-CO2-1.jpg\",\"datePublished\":\"2024-03-18T14:30:01+00:00\",\"dateModified\":\"2024-03-18T14:38:10+00:00\",\"breadcrumb\":{\"@id\":\"https:\/\/folgos.pl\/pl\/2024\/03\/18\/recykling-a-zmniejszenie-emisji-c02-do-srodowiska\/#breadcrumb\"},\"inLanguage\":\"pl-PL\",\"potentialAction\":[{\"@type\":\"ReadAction\",\"target\":[\"https:\/\/folgos.pl\/pl\/2024\/03\/18\/recykling-a-zmniejszenie-emisji-c02-do-srodowiska\/\"]}]},{\"@type\":\"ImageObject\",\"inLanguage\":\"pl-PL\",\"@id\":\"https:\/\/folgos.pl\/pl\/2024\/03\/18\/recykling-a-zmniejszenie-emisji-c02-do-srodowiska\/#primaryimage\",\"url\":\"https:\/\/folgos.pl\/pl\/wp-content\/uploads\/2024\/03\/Folgos-artykul-na-bloga-redukcja-CO2-1.jpg\",\"contentUrl\":\"https:\/\/folgos.pl\/pl\/wp-content\/uploads\/2024\/03\/Folgos-artykul-na-bloga-redukcja-CO2-1.jpg\",\"width\":1080,\"height\":938,\"caption\":\"Bez tytu\u0142u (Post na Instagram) - 1\"},{\"@type\":\"BreadcrumbList\",\"@id\":\"https:\/\/folgos.pl\/pl\/2024\/03\/18\/recykling-a-zmniejszenie-emisji-c02-do-srodowiska\/#breadcrumb\",\"itemListElement\":[{\"@type\":\"ListItem\",\"position\":1,\"name\":\"Strona g\u0142\u00f3wna\",\"item\":\"https:\/\/folgos.pl\/pl\/\"},{\"@type\":\"ListItem\",\"position\":2,\"name\":\"RECYKLING A ZMNIEJSZENIE EMISJI C02 DO \u015aRODOWISKA\"}]},{\"@type\":\"WebSite\",\"@id\":\"https:\/\/folgos.pl\/pl\/#website\",\"url\":\"https:\/\/folgos.pl\/pl\/\",\"name\":\"FOLGOS - producent ekologicznej folii\",\"description\":\"\u0141\u0105czymy jako\u015b\u0107 z ekologi\u0105\",\"publisher\":{\"@id\":\"https:\/\/folgos.pl\/pl\/#organization\"},\"potentialAction\":[{\"@type\":\"SearchAction\",\"target\":{\"@type\":\"EntryPoint\",\"urlTemplate\":\"https:\/\/folgos.pl\/pl\/?s={search_term_string}\"},\"query-input\":{\"@type\":\"PropertyValueSpecification\",\"valueRequired\":true,\"valueName\":\"search_term_string\"}}],\"inLanguage\":\"pl-PL\"},{\"@type\":\"Organization\",\"@id\":\"https:\/\/folgos.pl\/pl\/#organization\",\"name\":\"FOLGOS\",\"url\":\"https:\/\/folgos.pl\/pl\/\",\"logo\":{\"@type\":\"ImageObject\",\"inLanguage\":\"pl-PL\",\"@id\":\"https:\/\/folgos.pl\/pl\/#\/schema\/logo\/image\/\",\"url\":\"https:\/\/folgos.pl\/pl\/wp-content\/uploads\/2023\/06\/Folgos_logo_RGB_v17-05-23.png\",\"contentUrl\":\"https:\/\/folgos.pl\/pl\/wp-content\/uploads\/2023\/06\/Folgos_logo_RGB_v17-05-23.png\",\"width\":439,\"height\":178,\"caption\":\"FOLGOS\"},\"image\":{\"@id\":\"https:\/\/folgos.pl\/pl\/#\/schema\/logo\/image\/\"},\"sameAs\":[\"https:\/\/www.facebook.com\/Folgos.Polska\",\"https:\/\/www.linkedin.com\/company\/folgos\/\"]},{\"@type\":\"Person\",\"@id\":\"https:\/\/folgos.pl\/pl\/#\/schema\/person\/2e9f2854816d86663445ea94f945b7ec\",\"name\":\"ozelichowska\",\"image\":{\"@type\":\"ImageObject\",\"inLanguage\":\"pl-PL\",\"@id\":\"https:\/\/folgos.pl\/pl\/#\/schema\/person\/image\/\",\"url\":\"https:\/\/secure.gravatar.com\/avatar\/bd1642f56daf98543c27fe0ca8a13f2683a11e5a76e72da9db1d630f74ce78b9?s=96&d=mm&r=g\",\"contentUrl\":\"https:\/\/secure.gravatar.com\/avatar\/bd1642f56daf98543c27fe0ca8a13f2683a11e5a76e72da9db1d630f74ce78b9?s=96&d=mm&r=g\",\"caption\":\"ozelichowska\"}}]}<\/script>\n<!-- \/ Yoast SEO plugin. -->","yoast_head_json":{"title":"RECYKLING A ZMNIEJSZENIE EMISJI C02 DO \u015aRODOWISKA &#8212; FOLGOS","robots":{"index":"index","follow":"follow","max-snippet":"max-snippet:-1","max-image-preview":"max-image-preview:large","max-video-preview":"max-video-preview:-1"},"canonical":"https:\/\/folgos.pl\/pl\/2024\/03\/18\/recykling-a-zmniejszenie-emisji-c02-do-srodowiska\/","og_locale":"pl_PL","og_type":"article","og_title":"RECYKLING A ZMNIEJSZENIE EMISJI C02 DO \u015aRODOWISKA &#8212; FOLGOS","og_description":"Niemal wszystkie kraje i rz\u0105dy na \u015bwiecie pr\u00f3buj\u0105 zmniejszy\u0107 emisj\u0119 szkodliwego C02 do atmosfery. Praktycznie ka\u017cdy mieszkaniec kraj\u00f3w rozwini\u0119tych czuje presj\u0119 aby przysz\u0142e pokolenia mog\u0142y oddycha\u0107 czystym i zdrowym powietrzem. Jak jednak w praktyce to zrobi\u0107? Jak mo\u017cemy ograniczy\u0107 szkodliw\u0105 emisj\u0119 dwutlenku w\u0119gla r\u00f3wnocze\u015bnie \u017cyj\u0105c w taki sam spos\u00f3b, tzn. prowadz\u0105c gospodarstwa domowe czy przedsi\u0119biorstwa [&hellip;]","og_url":"https:\/\/folgos.pl\/pl\/2024\/03\/18\/recykling-a-zmniejszenie-emisji-c02-do-srodowiska\/","og_site_name":"FOLGOS","article_publisher":"https:\/\/www.facebook.com\/Folgos.Polska","article_published_time":"2024-03-18T14:30:01+00:00","article_modified_time":"2024-03-18T14:38:10+00:00","og_image":[{"width":1080,"height":938,"url":"https:\/\/folgos.pl\/pl\/wp-content\/uploads\/2024\/03\/Folgos-artykul-na-bloga-redukcja-CO2-1.jpg","type":"image\/jpeg"}],"author":"ozelichowska","twitter_card":"summary_large_image","twitter_misc":{"Napisane przez":"ozelichowska","Szacowany czas czytania":"2 minuty"},"schema":{"@context":"https:\/\/schema.org","@graph":[{"@type":"Article","@id":"https:\/\/folgos.pl\/pl\/2024\/03\/18\/recykling-a-zmniejszenie-emisji-c02-do-srodowiska\/#article","isPartOf":{"@id":"https:\/\/folgos.pl\/pl\/2024\/03\/18\/recykling-a-zmniejszenie-emisji-c02-do-srodowiska\/"},"author":{"name":"ozelichowska","@id":"https:\/\/folgos.pl\/pl\/#\/schema\/person\/2e9f2854816d86663445ea94f945b7ec"},"headline":"RECYKLING A ZMNIEJSZENIE EMISJI C02 DO \u015aRODOWISKA","datePublished":"2024-03-18T14:30:01+00:00","dateModified":"2024-03-18T14:38:10+00:00","mainEntityOfPage":{"@id":"https:\/\/folgos.pl\/pl\/2024\/03\/18\/recykling-a-zmniejszenie-emisji-c02-do-srodowiska\/"},"wordCount":412,"publisher":{"@id":"https:\/\/folgos.pl\/pl\/#organization"},"image":{"@id":"https:\/\/folgos.pl\/pl\/2024\/03\/18\/recykling-a-zmniejszenie-emisji-c02-do-srodowiska\/#primaryimage"},"thumbnailUrl":"https:\/\/folgos.pl\/pl\/wp-content\/uploads\/2024\/03\/Folgos-artykul-na-bloga-redukcja-CO2-1.jpg","keywords":["ochrona przyrody","r\u00f3\u017cnorodno\u015b\u0107","\u015brodowisko","zagro\u017cone gatunki","zr\u00f3wnowa\u017cony rozw\u00f3j"],"articleSection":["Wiedza"],"inLanguage":"pl-PL"},{"@type":"WebPage","@id":"https:\/\/folgos.pl\/pl\/2024\/03\/18\/recykling-a-zmniejszenie-emisji-c02-do-srodowiska\/","url":"https:\/\/folgos.pl\/pl\/2024\/03\/18\/recykling-a-zmniejszenie-emisji-c02-do-srodowiska\/","name":"RECYKLING A ZMNIEJSZENIE EMISJI C02 DO \u015aRODOWISKA &#8212; FOLGOS","isPartOf":{"@id":"https:\/\/folgos.pl\/pl\/#website"},"primaryImageOfPage":{"@id":"https:\/\/folgos.pl\/pl\/2024\/03\/18\/recykling-a-zmniejszenie-emisji-c02-do-srodowiska\/#primaryimage"},"image":{"@id":"https:\/\/folgos.pl\/pl\/2024\/03\/18\/recykling-a-zmniejszenie-emisji-c02-do-srodowiska\/#primaryimage"},"thumbnailUrl":"https:\/\/folgos.pl\/pl\/wp-content\/uploads\/2024\/03\/Folgos-artykul-na-bloga-redukcja-CO2-1.jpg","datePublished":"2024-03-18T14:30:01+00:00","dateModified":"2024-03-18T14:38:10+00:00","breadcrumb":{"@id":"https:\/\/folgos.pl\/pl\/2024\/03\/18\/recykling-a-zmniejszenie-emisji-c02-do-srodowiska\/#breadcrumb"},"inLanguage":"pl-PL","potentialAction":[{"@type":"ReadAction","target":["https:\/\/folgos.pl\/pl\/2024\/03\/18\/recykling-a-zmniejszenie-emisji-c02-do-srodowiska\/"]}]},{"@type":"ImageObject","inLanguage":"pl-PL","@id":"https:\/\/folgos.pl\/pl\/2024\/03\/18\/recykling-a-zmniejszenie-emisji-c02-do-srodowiska\/#primaryimage","url":"https:\/\/folgos.pl\/pl\/wp-content\/uploads\/2024\/03\/Folgos-artykul-na-bloga-redukcja-CO2-1.jpg","contentUrl":"https:\/\/folgos.pl\/pl\/wp-content\/uploads\/2024\/03\/Folgos-artykul-na-bloga-redukcja-CO2-1.jpg","width":1080,"height":938,"caption":"Bez tytu\u0142u (Post na Instagram) - 1"},{"@type":"BreadcrumbList","@id":"https:\/\/folgos.pl\/pl\/2024\/03\/18\/recykling-a-zmniejszenie-emisji-c02-do-srodowiska\/#breadcrumb","itemListElement":[{"@type":"ListItem","position":1,"name":"Strona g\u0142\u00f3wna","item":"https:\/\/folgos.pl\/pl\/"},{"@type":"ListItem","position":2,"name":"RECYKLING A ZMNIEJSZENIE EMISJI C02 DO \u015aRODOWISKA"}]},{"@type":"WebSite","@id":"https:\/\/folgos.pl\/pl\/#website","url":"https:\/\/folgos.pl\/pl\/","name":"FOLGOS - producent ekologicznej folii","description":"\u0141\u0105czymy jako\u015b\u0107 z ekologi\u0105","publisher":{"@id":"https:\/\/folgos.pl\/pl\/#organization"},"potentialAction":[{"@type":"SearchAction","target":{"@type":"EntryPoint","urlTemplate":"https:\/\/folgos.pl\/pl\/?s={search_term_string}"},"query-input":{"@type":"PropertyValueSpecification","valueRequired":true,"valueName":"search_term_string"}}],"inLanguage":"pl-PL"},{"@type":"Organization","@id":"https:\/\/folgos.pl\/pl\/#organization","name":"FOLGOS","url":"https:\/\/folgos.pl\/pl\/","logo":{"@type":"ImageObject","inLanguage":"pl-PL","@id":"https:\/\/folgos.pl\/pl\/#\/schema\/logo\/image\/","url":"https:\/\/folgos.pl\/pl\/wp-content\/uploads\/2023\/06\/Folgos_logo_RGB_v17-05-23.png","contentUrl":"https:\/\/folgos.pl\/pl\/wp-content\/uploads\/2023\/06\/Folgos_logo_RGB_v17-05-23.png","width":439,"height":178,"caption":"FOLGOS"},"image":{"@id":"https:\/\/folgos.pl\/pl\/#\/schema\/logo\/image\/"},"sameAs":["https:\/\/www.facebook.com\/Folgos.Polska","https:\/\/www.linkedin.com\/company\/folgos\/"]},{"@type":"Person","@id":"https:\/\/folgos.pl\/pl\/#\/schema\/person\/2e9f2854816d86663445ea94f945b7ec","name":"ozelichowska","image":{"@type":"ImageObject","inLanguage":"pl-PL","@id":"https:\/\/folgos.pl\/pl\/#\/schema\/person\/image\/","url":"https:\/\/secure.gravatar.com\/avatar\/bd1642f56daf98543c27fe0ca8a13f2683a11e5a76e72da9db1d630f74ce78b9?s=96&d=mm&r=g","contentUrl":"https:\/\/secure.gravatar.com\/avatar\/bd1642f56daf98543c27fe0ca8a13f2683a11e5a76e72da9db1d630f74ce78b9?s=96&d=mm&r=g","caption":"ozelichowska"}}]}},"_links":{"self":[{"href":"https:\/\/folgos.pl\/pl\/wp-json\/wp\/v2\/posts\/17191","targetHints":{"allow":["GET"]}}],"collection":[{"href":"https:\/\/folgos.pl\/pl\/wp-json\/wp\/v2\/posts"}],"about":[{"href":"https:\/\/folgos.pl\/pl\/wp-json\/wp\/v2\/types\/post"}],"author":[{"embeddable":true,"href":"https:\/\/folgos.pl\/pl\/wp-json\/wp\/v2\/users\/5"}],"replies":[{"embeddable":true,"href":"https:\/\/folgos.pl\/pl\/wp-json\/wp\/v2\/comments?post=17191"}],"version-history":[{"count":9,"href":"https:\/\/folgos.pl\/pl\/wp-json\/wp\/v2\/posts\/17191\/revisions"}],"predecessor-version":[{"id":17204,"href":"https:\/\/folgos.pl\/pl\/wp-json\/wp\/v2\/posts\/17191\/revisions\/17204"}],"wp:featuredmedia":[{"embeddable":true,"href":"https:\/\/folgos.pl\/pl\/wp-json\/wp\/v2\/media\/17201"}],"wp:attachment":[{"href":"https:\/\/folgos.pl\/pl\/wp-json\/wp\/v2\/media?parent=17191"}],"wp:term":[{"taxonomy":"category","embeddable":true,"href":"https:\/\/folgos.pl\/pl\/wp-json\/wp\/v2\/categories?post=17191"},{"taxonomy":"post_tag","embeddable":true,"href":"https:\/\/folgos.pl\/pl\/wp-json\/wp\/v2\/tags?post=17191"}],"curies":[{"name":"wp","href":"https:\/\/api.w.org\/{rel}","templated":true}]}}