{"id":17630,"date":"2024-10-07T13:51:10","date_gmt":"2024-10-07T11:51:10","guid":{"rendered":"https:\/\/folgos.pl\/pl\/?p=17630"},"modified":"2024-11-27T20:53:58","modified_gmt":"2024-11-27T19:53:58","slug":"fachpack-2024-4","status":"publish","type":"post","link":"https:\/\/folgos.pl\/pl\/2024\/10\/07\/fachpack-2024-4\/","title":{"rendered":"FACHPACK 2024"},"content":{"rendered":"\t\t<div data-elementor-type=\"wp-post\" data-elementor-id=\"17630\" class=\"elementor elementor-17630\">\n\t\t\t\t\t\t\t\t\t<section class=\"elementor-section elementor-top-section elementor-element elementor-element-614ed87c elementor-section-boxed elementor-section-height-default elementor-section-height-default\" data-id=\"614ed87c\" data-element_type=\"section\">\n\t\t\t\t\t\t<div class=\"elementor-container elementor-column-gap-default\">\n\t\t\t\t\t<div class=\"elementor-column elementor-col-100 elementor-top-column elementor-element elementor-element-1af84906\" data-id=\"1af84906\" data-element_type=\"column\">\n\t\t\t<div class=\"elementor-widget-wrap elementor-element-populated\">\n\t\t\t\t\t\t\t\t<div class=\"elementor-element elementor-element-df3358b elementor-widget elementor-widget-image\" data-id=\"df3358b\" data-element_type=\"widget\" data-widget_type=\"image.default\">\n\t\t\t\t<div class=\"elementor-widget-container\">\n\t\t\t<style>\/*! elementor - v3.17.0 - 08-11-2023 *\/\n.elementor-widget-image{text-align:center}.elementor-widget-image a{display:inline-block}.elementor-widget-image a img[src$=\".svg\"]{width:48px}.elementor-widget-image img{vertical-align:middle;display:inline-block}<\/style>\t\t\t\t\t\t\t\t\t\t\t\t<img loading=\"lazy\" decoding=\"async\" width=\"318\" height=\"74\" src=\"https:\/\/folgos.pl\/pl\/wp-content\/uploads\/2024\/10\/Obraz1.png\" class=\"attachment-large size-large wp-image-17631\" alt=\"\" srcset=\"https:\/\/folgos.pl\/pl\/wp-content\/uploads\/2024\/10\/Obraz1.png 318w, https:\/\/folgos.pl\/pl\/wp-content\/uploads\/2024\/10\/Obraz1-300x70.png 300w\" sizes=\"auto, (max-width: 318px) 100vw, 318px\" \/>\t\t\t\t\t\t\t\t\t\t\t\t\t\t\t<\/div>\n\t\t\t\t<\/div>\n\t\t\t\t<div class=\"elementor-element elementor-element-62370d45 elementor-widget elementor-widget-text-editor\" data-id=\"62370d45\" data-element_type=\"widget\" data-widget_type=\"text-editor.default\">\n\t\t\t\t<div class=\"elementor-widget-container\">\n\t\t\t<style>\/*! elementor - v3.17.0 - 08-11-2023 *\/\n.elementor-widget-text-editor.elementor-drop-cap-view-stacked .elementor-drop-cap{background-color:#69727d;color:#fff}.elementor-widget-text-editor.elementor-drop-cap-view-framed .elementor-drop-cap{color:#69727d;border:3px solid;background-color:transparent}.elementor-widget-text-editor:not(.elementor-drop-cap-view-default) .elementor-drop-cap{margin-top:8px}.elementor-widget-text-editor:not(.elementor-drop-cap-view-default) .elementor-drop-cap-letter{width:1em;height:1em}.elementor-widget-text-editor .elementor-drop-cap{float:left;text-align:center;line-height:1;font-size:50px}.elementor-widget-text-editor .elementor-drop-cap-letter{display:inline-block}<\/style>\t\t\t\t<div class=\"html-div xe8uvvx xdj266r x11i5rnm xat24cr x1mh8g0r xexx8yu x4uap5 x18d9i69 xkhd6sd\" dir=\"auto\"><div id=\":r49:\" class=\"x1iorvi4 x1pi30zi x1l90r2v x1swvt13\" data-ad-comet-preview=\"message\" data-ad-preview=\"message\"><div class=\"x78zum5 xdt5ytf xz62fqu x16ldp7u\"><div class=\"xu06os2 x1ok221b\"><div class=\"xdj266r x11i5rnm xat24cr x1mh8g0r x1vvkbs x126k92a\"><div dir=\"auto\"><p>Po raz pierwszy wystawiali\u015bmy si\u0119 w tym roku z naszym nowym produktem <strong>Foli\u0105 Opakowaniow\u0105 Stretch <\/strong>na targach <strong>FACHPACK <\/strong>w Norymberdze w dniach 24-26.09.2024.<\/p><p><strong>FACHPACK<\/strong> to jedno z najwa\u017cniejszych wydarze\u0144 w Europie dotycz\u0105ce opakowa\u0144, przede wszystkim ukierunkowane na wszelkiego rodzaju nowo\u015bci i innowacje w opakowaniach.<\/p><p>Nasze stoisko odwiedzi\u0142o kilkuset kontrahent\u00f3w pytaj\u0105c o zalety naszej ekologicznej folii wyprodukowanej na bazie regranulatu (100% PCR).<\/p><p>Bardzo wszystkim serdecznie dzi\u0119kujemy za mi\u0142e i serdeczne s\u0142owa oraz za bardzo konkretne rozmowy. Mamy nadziej\u0119, \u017ce nasza oferta cenowa spotka si\u0119 z Pa\u0144stwa akceptacj\u0105.<\/p><p>Zapraszamy do dalszych rozm\u00f3w i kontaktu \ud83d\ude0a<\/p><\/div><\/div><div dir=\"auto\"><div dir=\"auto\">\u00a0<\/div><\/div><\/div><\/div><\/div><\/div>\t\t\t\t\t\t<\/div>\n\t\t\t\t<\/div>\n\t\t\t\t\t<\/div>\n\t\t<\/div>\n\t\t\t\t\t\t\t<\/div>\n\t\t<\/section>\n\t\t\t\t<section class=\"elementor-section elementor-top-section elementor-element elementor-element-e40073d elementor-section-boxed elementor-section-height-default elementor-section-height-default\" data-id=\"e40073d\" data-element_type=\"section\">\n\t\t\t\t\t\t<div class=\"elementor-container elementor-column-gap-default\">\n\t\t\t\t\t<div class=\"elementor-column elementor-col-100 elementor-top-column elementor-element elementor-element-c3c37f8\" data-id=\"c3c37f8\" data-element_type=\"column\">\n\t\t\t<div class=\"elementor-widget-wrap\">\n\t\t\t\t\t\t\t\t\t<\/div>\n\t\t<\/div>\n\t\t\t\t\t\t\t<\/div>\n\t\t<\/section>\n\t\t\t\t<section class=\"elementor-section elementor-top-section elementor-element elementor-element-867f6ab elementor-section-boxed elementor-section-height-default elementor-section-height-default\" data-id=\"867f6ab\" data-element_type=\"section\">\n\t\t\t\t\t\t<div class=\"elementor-container elementor-column-gap-default\">\n\t\t\t\t\t<div class=\"elementor-column elementor-col-100 elementor-top-column elementor-element elementor-element-9b2a69e\" data-id=\"9b2a69e\" data-element_type=\"column\">\n\t\t\t<div class=\"elementor-widget-wrap\">\n\t\t\t\t\t\t\t\t\t<\/div>\n\t\t<\/div>\n\t\t\t\t\t\t\t<\/div>\n\t\t<\/section>\n\t\t\t\t<section class=\"elementor-section elementor-top-section elementor-element elementor-element-0ee391f elementor-section-boxed elementor-section-height-default elementor-section-height-default\" data-id=\"0ee391f\" data-element_type=\"section\">\n\t\t\t\t\t\t<div class=\"elementor-container elementor-column-gap-default\">\n\t\t\t\t\t<div class=\"elementor-column elementor-col-100 elementor-top-column elementor-element elementor-element-a96a699\" data-id=\"a96a699\" data-element_type=\"column\">\n\t\t\t<div class=\"elementor-widget-wrap\">\n\t\t\t\t\t\t\t\t\t<\/div>\n\t\t<\/div>\n\t\t\t\t\t\t\t<\/div>\n\t\t<\/section>\n\t\t\t\t\t\t\t<\/div>\n\t\t","protected":false},"excerpt":{"rendered":"<p>Po raz pierwszy wystawiali\u015bmy si\u0119 w tym roku z naszym nowym produktem Foli\u0105 Opakowaniow\u0105 Stretch na targach FACHPACK w Norymberdze w dniach 24-26.09.2024. FACHPACK to jedno z najwa\u017cniejszych wydarze\u0144 w Europie dotycz\u0105ce opakowa\u0144, przede wszystkim ukierunkowane na wszelkiego rodzaju nowo\u015bci i innowacje w opakowaniach. Nasze stoisko odwiedzi\u0142o kilkuset kontrahent\u00f3w pytaj\u0105c o zalety naszej ekologicznej folii [&hellip;]<\/p>\n","protected":false},"author":5,"featured_media":17635,"comment_status":"closed","ping_status":"closed","sticky":false,"template":"","format":"standard","meta":{"footnotes":""},"categories":[75],"tags":[165,167,169,171,173],"class_list":["post-17630","post","type-post","status-publish","format-standard","has-post-thumbnail","hentry","category-wiedza-pl","tag-ochrona-przyrody","tag-roznorodnosc","tag-srodowisko","tag-zagrozone-gatunki","tag-zrownowazony-rozwoj"],"yoast_head":"<!-- This site is optimized with the Yoast SEO plugin v23.9 - https:\/\/yoast.com\/wordpress\/plugins\/seo\/ -->\n<title>FACHPACK 2024 &#8212; FOLGOS<\/title>\n<meta name=\"robots\" content=\"index, follow, max-snippet:-1, max-image-preview:large, max-video-preview:-1\" \/>\n<link rel=\"canonical\" href=\"https:\/\/folgos.pl\/pl\/2024\/10\/07\/fachpack-2024-4\/\" \/>\n<meta property=\"og:locale\" content=\"pl_PL\" \/>\n<meta property=\"og:type\" content=\"article\" \/>\n<meta property=\"og:title\" content=\"FACHPACK 2024 &#8212; FOLGOS\" \/>\n<meta property=\"og:description\" content=\"Po raz pierwszy wystawiali\u015bmy si\u0119 w tym roku z naszym nowym produktem Foli\u0105 Opakowaniow\u0105 Stretch na targach FACHPACK w Norymberdze w dniach 24-26.09.2024. FACHPACK to jedno z najwa\u017cniejszych wydarze\u0144 w Europie dotycz\u0105ce opakowa\u0144, przede wszystkim ukierunkowane na wszelkiego rodzaju nowo\u015bci i innowacje w opakowaniach. Nasze stoisko odwiedzi\u0142o kilkuset kontrahent\u00f3w pytaj\u0105c o zalety naszej ekologicznej folii [&hellip;]\" \/>\n<meta property=\"og:url\" content=\"https:\/\/folgos.pl\/pl\/2024\/10\/07\/fachpack-2024-4\/\" \/>\n<meta property=\"og:site_name\" content=\"FOLGOS\" \/>\n<meta property=\"article:publisher\" content=\"https:\/\/www.facebook.com\/Folgos.Polska\" \/>\n<meta property=\"article:published_time\" content=\"2024-10-07T11:51:10+00:00\" \/>\n<meta property=\"article:modified_time\" content=\"2024-11-27T19:53:58+00:00\" \/>\n<meta property=\"og:image\" content=\"https:\/\/folgos.pl\/pl\/wp-content\/uploads\/2024\/10\/targi_folgos1.jpg\" \/>\n\t<meta property=\"og:image:width\" content=\"1598\" \/>\n\t<meta property=\"og:image:height\" content=\"1104\" \/>\n\t<meta property=\"og:image:type\" content=\"image\/jpeg\" \/>\n<meta name=\"author\" content=\"ozelichowska\" \/>\n<meta name=\"twitter:card\" content=\"summary_large_image\" \/>\n<meta name=\"twitter:label1\" content=\"Napisane przez\" \/>\n\t<meta name=\"twitter:data1\" content=\"ozelichowska\" \/>\n\t<meta name=\"twitter:label2\" content=\"Szacowany czas czytania\" \/>\n\t<meta name=\"twitter:data2\" content=\"1 minuta\" \/>\n<script type=\"application\/ld+json\" class=\"yoast-schema-graph\">{\"@context\":\"https:\/\/schema.org\",\"@graph\":[{\"@type\":\"Article\",\"@id\":\"https:\/\/folgos.pl\/pl\/2024\/10\/07\/fachpack-2024-4\/#article\",\"isPartOf\":{\"@id\":\"https:\/\/folgos.pl\/pl\/2024\/10\/07\/fachpack-2024-4\/\"},\"author\":{\"name\":\"ozelichowska\",\"@id\":\"https:\/\/folgos.pl\/pl\/#\/schema\/person\/2e9f2854816d86663445ea94f945b7ec\"},\"headline\":\"FACHPACK 2024\",\"datePublished\":\"2024-10-07T11:51:10+00:00\",\"dateModified\":\"2024-11-27T19:53:58+00:00\",\"mainEntityOfPage\":{\"@id\":\"https:\/\/folgos.pl\/pl\/2024\/10\/07\/fachpack-2024-4\/\"},\"wordCount\":104,\"publisher\":{\"@id\":\"https:\/\/folgos.pl\/pl\/#organization\"},\"image\":{\"@id\":\"https:\/\/folgos.pl\/pl\/2024\/10\/07\/fachpack-2024-4\/#primaryimage\"},\"thumbnailUrl\":\"https:\/\/folgos.pl\/pl\/wp-content\/uploads\/2024\/10\/targi_folgos1.jpg\",\"keywords\":[\"ochrona przyrody\",\"r\u00f3\u017cnorodno\u015b\u0107\",\"\u015brodowisko\",\"zagro\u017cone gatunki\",\"zr\u00f3wnowa\u017cony rozw\u00f3j\"],\"articleSection\":[\"Wiedza\"],\"inLanguage\":\"pl-PL\"},{\"@type\":\"WebPage\",\"@id\":\"https:\/\/folgos.pl\/pl\/2024\/10\/07\/fachpack-2024-4\/\",\"url\":\"https:\/\/folgos.pl\/pl\/2024\/10\/07\/fachpack-2024-4\/\",\"name\":\"FACHPACK 2024 &#8212; FOLGOS\",\"isPartOf\":{\"@id\":\"https:\/\/folgos.pl\/pl\/#website\"},\"primaryImageOfPage\":{\"@id\":\"https:\/\/folgos.pl\/pl\/2024\/10\/07\/fachpack-2024-4\/#primaryimage\"},\"image\":{\"@id\":\"https:\/\/folgos.pl\/pl\/2024\/10\/07\/fachpack-2024-4\/#primaryimage\"},\"thumbnailUrl\":\"https:\/\/folgos.pl\/pl\/wp-content\/uploads\/2024\/10\/targi_folgos1.jpg\",\"datePublished\":\"2024-10-07T11:51:10+00:00\",\"dateModified\":\"2024-11-27T19:53:58+00:00\",\"breadcrumb\":{\"@id\":\"https:\/\/folgos.pl\/pl\/2024\/10\/07\/fachpack-2024-4\/#breadcrumb\"},\"inLanguage\":\"pl-PL\",\"potentialAction\":[{\"@type\":\"ReadAction\",\"target\":[\"https:\/\/folgos.pl\/pl\/2024\/10\/07\/fachpack-2024-4\/\"]}]},{\"@type\":\"ImageObject\",\"inLanguage\":\"pl-PL\",\"@id\":\"https:\/\/folgos.pl\/pl\/2024\/10\/07\/fachpack-2024-4\/#primaryimage\",\"url\":\"https:\/\/folgos.pl\/pl\/wp-content\/uploads\/2024\/10\/targi_folgos1.jpg\",\"contentUrl\":\"https:\/\/folgos.pl\/pl\/wp-content\/uploads\/2024\/10\/targi_folgos1.jpg\",\"width\":1598,\"height\":1104},{\"@type\":\"BreadcrumbList\",\"@id\":\"https:\/\/folgos.pl\/pl\/2024\/10\/07\/fachpack-2024-4\/#breadcrumb\",\"itemListElement\":[{\"@type\":\"ListItem\",\"position\":1,\"name\":\"Strona g\u0142\u00f3wna\",\"item\":\"https:\/\/folgos.pl\/pl\/\"},{\"@type\":\"ListItem\",\"position\":2,\"name\":\"FACHPACK 2024\"}]},{\"@type\":\"WebSite\",\"@id\":\"https:\/\/folgos.pl\/pl\/#website\",\"url\":\"https:\/\/folgos.pl\/pl\/\",\"name\":\"FOLGOS - producent ekologicznej folii\",\"description\":\"\u0141\u0105czymy jako\u015b\u0107 z ekologi\u0105\",\"publisher\":{\"@id\":\"https:\/\/folgos.pl\/pl\/#organization\"},\"potentialAction\":[{\"@type\":\"SearchAction\",\"target\":{\"@type\":\"EntryPoint\",\"urlTemplate\":\"https:\/\/folgos.pl\/pl\/?s={search_term_string}\"},\"query-input\":{\"@type\":\"PropertyValueSpecification\",\"valueRequired\":true,\"valueName\":\"search_term_string\"}}],\"inLanguage\":\"pl-PL\"},{\"@type\":\"Organization\",\"@id\":\"https:\/\/folgos.pl\/pl\/#organization\",\"name\":\"FOLGOS\",\"url\":\"https:\/\/folgos.pl\/pl\/\",\"logo\":{\"@type\":\"ImageObject\",\"inLanguage\":\"pl-PL\",\"@id\":\"https:\/\/folgos.pl\/pl\/#\/schema\/logo\/image\/\",\"url\":\"https:\/\/folgos.pl\/pl\/wp-content\/uploads\/2023\/06\/Folgos_logo_RGB_v17-05-23.png\",\"contentUrl\":\"https:\/\/folgos.pl\/pl\/wp-content\/uploads\/2023\/06\/Folgos_logo_RGB_v17-05-23.png\",\"width\":439,\"height\":178,\"caption\":\"FOLGOS\"},\"image\":{\"@id\":\"https:\/\/folgos.pl\/pl\/#\/schema\/logo\/image\/\"},\"sameAs\":[\"https:\/\/www.facebook.com\/Folgos.Polska\",\"https:\/\/www.linkedin.com\/company\/folgos\/\"]},{\"@type\":\"Person\",\"@id\":\"https:\/\/folgos.pl\/pl\/#\/schema\/person\/2e9f2854816d86663445ea94f945b7ec\",\"name\":\"ozelichowska\",\"image\":{\"@type\":\"ImageObject\",\"inLanguage\":\"pl-PL\",\"@id\":\"https:\/\/folgos.pl\/pl\/#\/schema\/person\/image\/\",\"url\":\"https:\/\/secure.gravatar.com\/avatar\/bd1642f56daf98543c27fe0ca8a13f2683a11e5a76e72da9db1d630f74ce78b9?s=96&d=mm&r=g\",\"contentUrl\":\"https:\/\/secure.gravatar.com\/avatar\/bd1642f56daf98543c27fe0ca8a13f2683a11e5a76e72da9db1d630f74ce78b9?s=96&d=mm&r=g\",\"caption\":\"ozelichowska\"}}]}<\/script>\n<!-- \/ Yoast SEO plugin. -->","yoast_head_json":{"title":"FACHPACK 2024 &#8212; FOLGOS","robots":{"index":"index","follow":"follow","max-snippet":"max-snippet:-1","max-image-preview":"max-image-preview:large","max-video-preview":"max-video-preview:-1"},"canonical":"https:\/\/folgos.pl\/pl\/2024\/10\/07\/fachpack-2024-4\/","og_locale":"pl_PL","og_type":"article","og_title":"FACHPACK 2024 &#8212; FOLGOS","og_description":"Po raz pierwszy wystawiali\u015bmy si\u0119 w tym roku z naszym nowym produktem Foli\u0105 Opakowaniow\u0105 Stretch na targach FACHPACK w Norymberdze w dniach 24-26.09.2024. FACHPACK to jedno z najwa\u017cniejszych wydarze\u0144 w Europie dotycz\u0105ce opakowa\u0144, przede wszystkim ukierunkowane na wszelkiego rodzaju nowo\u015bci i innowacje w opakowaniach. Nasze stoisko odwiedzi\u0142o kilkuset kontrahent\u00f3w pytaj\u0105c o zalety naszej ekologicznej folii [&hellip;]","og_url":"https:\/\/folgos.pl\/pl\/2024\/10\/07\/fachpack-2024-4\/","og_site_name":"FOLGOS","article_publisher":"https:\/\/www.facebook.com\/Folgos.Polska","article_published_time":"2024-10-07T11:51:10+00:00","article_modified_time":"2024-11-27T19:53:58+00:00","og_image":[{"width":1598,"height":1104,"url":"https:\/\/folgos.pl\/pl\/wp-content\/uploads\/2024\/10\/targi_folgos1.jpg","type":"image\/jpeg"}],"author":"ozelichowska","twitter_card":"summary_large_image","twitter_misc":{"Napisane przez":"ozelichowska","Szacowany czas czytania":"1 minuta"},"schema":{"@context":"https:\/\/schema.org","@graph":[{"@type":"Article","@id":"https:\/\/folgos.pl\/pl\/2024\/10\/07\/fachpack-2024-4\/#article","isPartOf":{"@id":"https:\/\/folgos.pl\/pl\/2024\/10\/07\/fachpack-2024-4\/"},"author":{"name":"ozelichowska","@id":"https:\/\/folgos.pl\/pl\/#\/schema\/person\/2e9f2854816d86663445ea94f945b7ec"},"headline":"FACHPACK 2024","datePublished":"2024-10-07T11:51:10+00:00","dateModified":"2024-11-27T19:53:58+00:00","mainEntityOfPage":{"@id":"https:\/\/folgos.pl\/pl\/2024\/10\/07\/fachpack-2024-4\/"},"wordCount":104,"publisher":{"@id":"https:\/\/folgos.pl\/pl\/#organization"},"image":{"@id":"https:\/\/folgos.pl\/pl\/2024\/10\/07\/fachpack-2024-4\/#primaryimage"},"thumbnailUrl":"https:\/\/folgos.pl\/pl\/wp-content\/uploads\/2024\/10\/targi_folgos1.jpg","keywords":["ochrona przyrody","r\u00f3\u017cnorodno\u015b\u0107","\u015brodowisko","zagro\u017cone gatunki","zr\u00f3wnowa\u017cony rozw\u00f3j"],"articleSection":["Wiedza"],"inLanguage":"pl-PL"},{"@type":"WebPage","@id":"https:\/\/folgos.pl\/pl\/2024\/10\/07\/fachpack-2024-4\/","url":"https:\/\/folgos.pl\/pl\/2024\/10\/07\/fachpack-2024-4\/","name":"FACHPACK 2024 &#8212; FOLGOS","isPartOf":{"@id":"https:\/\/folgos.pl\/pl\/#website"},"primaryImageOfPage":{"@id":"https:\/\/folgos.pl\/pl\/2024\/10\/07\/fachpack-2024-4\/#primaryimage"},"image":{"@id":"https:\/\/folgos.pl\/pl\/2024\/10\/07\/fachpack-2024-4\/#primaryimage"},"thumbnailUrl":"https:\/\/folgos.pl\/pl\/wp-content\/uploads\/2024\/10\/targi_folgos1.jpg","datePublished":"2024-10-07T11:51:10+00:00","dateModified":"2024-11-27T19:53:58+00:00","breadcrumb":{"@id":"https:\/\/folgos.pl\/pl\/2024\/10\/07\/fachpack-2024-4\/#breadcrumb"},"inLanguage":"pl-PL","potentialAction":[{"@type":"ReadAction","target":["https:\/\/folgos.pl\/pl\/2024\/10\/07\/fachpack-2024-4\/"]}]},{"@type":"ImageObject","inLanguage":"pl-PL","@id":"https:\/\/folgos.pl\/pl\/2024\/10\/07\/fachpack-2024-4\/#primaryimage","url":"https:\/\/folgos.pl\/pl\/wp-content\/uploads\/2024\/10\/targi_folgos1.jpg","contentUrl":"https:\/\/folgos.pl\/pl\/wp-content\/uploads\/2024\/10\/targi_folgos1.jpg","width":1598,"height":1104},{"@type":"BreadcrumbList","@id":"https:\/\/folgos.pl\/pl\/2024\/10\/07\/fachpack-2024-4\/#breadcrumb","itemListElement":[{"@type":"ListItem","position":1,"name":"Strona g\u0142\u00f3wna","item":"https:\/\/folgos.pl\/pl\/"},{"@type":"ListItem","position":2,"name":"FACHPACK 2024"}]},{"@type":"WebSite","@id":"https:\/\/folgos.pl\/pl\/#website","url":"https:\/\/folgos.pl\/pl\/","name":"FOLGOS - producent ekologicznej folii","description":"\u0141\u0105czymy jako\u015b\u0107 z ekologi\u0105","publisher":{"@id":"https:\/\/folgos.pl\/pl\/#organization"},"potentialAction":[{"@type":"SearchAction","target":{"@type":"EntryPoint","urlTemplate":"https:\/\/folgos.pl\/pl\/?s={search_term_string}"},"query-input":{"@type":"PropertyValueSpecification","valueRequired":true,"valueName":"search_term_string"}}],"inLanguage":"pl-PL"},{"@type":"Organization","@id":"https:\/\/folgos.pl\/pl\/#organization","name":"FOLGOS","url":"https:\/\/folgos.pl\/pl\/","logo":{"@type":"ImageObject","inLanguage":"pl-PL","@id":"https:\/\/folgos.pl\/pl\/#\/schema\/logo\/image\/","url":"https:\/\/folgos.pl\/pl\/wp-content\/uploads\/2023\/06\/Folgos_logo_RGB_v17-05-23.png","contentUrl":"https:\/\/folgos.pl\/pl\/wp-content\/uploads\/2023\/06\/Folgos_logo_RGB_v17-05-23.png","width":439,"height":178,"caption":"FOLGOS"},"image":{"@id":"https:\/\/folgos.pl\/pl\/#\/schema\/logo\/image\/"},"sameAs":["https:\/\/www.facebook.com\/Folgos.Polska","https:\/\/www.linkedin.com\/company\/folgos\/"]},{"@type":"Person","@id":"https:\/\/folgos.pl\/pl\/#\/schema\/person\/2e9f2854816d86663445ea94f945b7ec","name":"ozelichowska","image":{"@type":"ImageObject","inLanguage":"pl-PL","@id":"https:\/\/folgos.pl\/pl\/#\/schema\/person\/image\/","url":"https:\/\/secure.gravatar.com\/avatar\/bd1642f56daf98543c27fe0ca8a13f2683a11e5a76e72da9db1d630f74ce78b9?s=96&d=mm&r=g","contentUrl":"https:\/\/secure.gravatar.com\/avatar\/bd1642f56daf98543c27fe0ca8a13f2683a11e5a76e72da9db1d630f74ce78b9?s=96&d=mm&r=g","caption":"ozelichowska"}}]}},"_links":{"self":[{"href":"https:\/\/folgos.pl\/pl\/wp-json\/wp\/v2\/posts\/17630","targetHints":{"allow":["GET"]}}],"collection":[{"href":"https:\/\/folgos.pl\/pl\/wp-json\/wp\/v2\/posts"}],"about":[{"href":"https:\/\/folgos.pl\/pl\/wp-json\/wp\/v2\/types\/post"}],"author":[{"embeddable":true,"href":"https:\/\/folgos.pl\/pl\/wp-json\/wp\/v2\/users\/5"}],"replies":[{"embeddable":true,"href":"https:\/\/folgos.pl\/pl\/wp-json\/wp\/v2\/comments?post=17630"}],"version-history":[{"count":4,"href":"https:\/\/folgos.pl\/pl\/wp-json\/wp\/v2\/posts\/17630\/revisions"}],"predecessor-version":[{"id":17637,"href":"https:\/\/folgos.pl\/pl\/wp-json\/wp\/v2\/posts\/17630\/revisions\/17637"}],"wp:featuredmedia":[{"embeddable":true,"href":"https:\/\/folgos.pl\/pl\/wp-json\/wp\/v2\/media\/17635"}],"wp:attachment":[{"href":"https:\/\/folgos.pl\/pl\/wp-json\/wp\/v2\/media?parent=17630"}],"wp:term":[{"taxonomy":"category","embeddable":true,"href":"https:\/\/folgos.pl\/pl\/wp-json\/wp\/v2\/categories?post=17630"},{"taxonomy":"post_tag","embeddable":true,"href":"https:\/\/folgos.pl\/pl\/wp-json\/wp\/v2\/tags?post=17630"}],"curies":[{"name":"wp","href":"https:\/\/api.w.org\/{rel}","templated":true}]}}