{"id":17661,"date":"2024-10-14T13:05:39","date_gmt":"2024-10-14T11:05:39","guid":{"rendered":"https:\/\/folgos.pl\/pl\/?p=17661"},"modified":"2024-11-29T11:45:26","modified_gmt":"2024-11-29T10:45:26","slug":"poznaj-nowe-regulacje-w-sprawie-opakowan-z-tworzyw-sztucznych","status":"publish","type":"post","link":"https:\/\/folgos.pl\/pl\/2024\/10\/14\/poznaj-nowe-regulacje-w-sprawie-opakowan-z-tworzyw-sztucznych\/","title":{"rendered":"Poznaj nowe regulacje w sprawie opakowa\u0144 z tworzyw sztucznych"},"content":{"rendered":"<p><a name=\"_Hlk179803713\"><\/a>Wg \u017ar\u00f3de\u0142 opublikowanych na stronie <a href=\"http:\/\/www.europarl.europa.eu\/\">www.europarl.europa.eu<\/a> \u0142\u0105czna ilo\u015b\u0107 opakowa\u0144 wzros\u0142a w Unii Europejskiej<br \/>\nz 66 milion\u00f3w ton w 2009 roku do 84 milion\u00f3w ton w 2021 roku. W 2021 roku ka\u017cda<br \/>\nosoba w Europie wytworzy\u0142a oko\u0142o 188,7 kg odpad\u00f3w z opakowa\u0144. Je\u017celi nie<br \/>\npodejmiemy odpowiednich dzia\u0142a\u0144, w 2030 roku liczba ta mo\u017ce wzrosn\u0105\u0107 do 209 kg<br \/>\nna osob\u0119.<\/p>\n<p>Pos\u0142owie do<br \/>\nParlamentu Europejskiego g\u0142osowali nad przepisami, kt\u00f3re maj\u0105 rozwi\u0105za\u0107 problem<br \/>\nstale rosn\u0105cej ilo\u015bci odpad\u00f3w. Przepisy zoptymalizuj\u0105 te\u017c zasady, kt\u00f3re<br \/>\nobowi\u0105zuj\u0105 na rynku wewn\u0119trznym i pobudz\u0105 gospodark\u0119 o obiegu zamkni\u0119tym<\/p>\n<p>Unia okre\u015bli\u0142a<br \/>\ntak\u017ce cele, kt\u00f3re dotycz\u0105 minimalnej zawarto\u015bci surowc\u00f3w wt\u00f3rnych w<br \/>\nopakowaniach z tworzyw sztucznych oraz recyklingu odpowiedniej ilo\u015bci odpad\u00f3w<br \/>\nopakowaniowych.<\/p>\n<p><u>Mo\u017cemy czeka\u0107 na<br \/>\nkolejne unijne przepisy i decyzje ale przede wszystkim mo\u017cemy ju\u017c dzi\u015b<br \/>\nrozpocz\u0105\u0107 swoj\u0105 w\u0142asn\u0105 kampani\u0119 na rzecz ochrony \u015brodowiska przed nadmiern\u0105<br \/>\nilo\u015bci\u0105 opakowa\u0144, zw\u0142aszcza opakowa\u0144 z tworzyw sztucznych. <\/u><\/p>\n<p><b>Jak to zrobi\u0107?<br \/>\nOto kilka prostych wskaz\u00f3wek: <\/b><\/p>\n<p>&#8211; szukajmy<br \/>\nprodukt\u00f3w z maksymaln\u0105 zawarto\u015bci\u0105 surowc\u00f3w pochodz\u0105cych z recyklingu<br \/>\n(regranulat\u00f3w) w plastiku;<\/p>\n<p>&#8211; wykorzystujmy<br \/>\nponownie te same opakowania;<\/p>\n<p>&#8211; kupujmy<br \/>\nopakowania z tworzyw sztucznych od sprawdzonych producent\u00f3w, kt\u00f3rzy s\u0105 w stanie<br \/>\nrzetelnie potwierdzi\u0107 ilo\u015b\u0107 recyklatu (PCR) w plastiku;<\/p>\n<p>&#8211; u\u017cywajmy opakowa\u0144<br \/>\nwielorazowego u\u017cytku;<\/p>\n<p>&#8211; planujmy<br \/>\nrozwa\u017cnie zakupy i oceniajmy ka\u017cdorazowo czy potrzebujemy tylu opakowa\u0144<br \/>\n(work\u00f3w, toreb itp);<\/p>\n<p>&#8211; segregujmy odpady.<\/p>\n<p><b>Nasze \u015brodowisko<br \/>\njest w naszych r\u0119kach. \u015awiadomie dbajmy o jego stan i czysto\u015b\u0107. Nie<br \/>\nwprowadzajmy nowego plastiku do \u015brodowiska. <\/b><\/p>\n<p><b>FOLGOS Team<\/b><\/p>\n<style>\/*! elementor - v3.17.0 - 08-11-2023 *\/<br \/>\n.elementor-widget-image{text-align:center}.elementor-widget-image a{display:inline-block}.elementor-widget-image a img[src$=\".svg\"]{width:48px}.elementor-widget-image img{vertical-align:middle;display:inline-block}<\/style>\n<p><img loading=\"lazy\" decoding=\"async\" src=\"https:\/\/folgos.pl\/pl\/wp-content\/uploads\/2024\/10\/aqw.jpg\" sizes=\"auto, (max-width: 657px) 100vw, 657px\" srcset=\"https:\/\/folgos.pl\/pl\/wp-content\/uploads\/2024\/10\/aqw.jpg 657w, https:\/\/folgos.pl\/pl\/wp-content\/uploads\/2024\/10\/aqw-300x193.jpg 300w, https:\/\/folgos.pl\/pl\/wp-content\/uploads\/2024\/10\/aqw-390x250.jpg 390w\" alt=\"\" width=\"657\" height=\"422\" \/><\/p>\n","protected":false},"excerpt":{"rendered":"<p>Wg \u017ar\u00f3de\u0142 opublikowanych na stronie www.europarl.europa.eu \u0142\u0105czna ilo\u015b\u0107 opakowa\u0144 wzros\u0142a w Unii Europejskiej z 66 milion\u00f3w ton w 2009 roku do 84 milion\u00f3w ton w 2021 roku. W 2021 roku ka\u017cda osoba w Europie wytworzy\u0142a oko\u0142o 188,7 kg odpad\u00f3w z opakowa\u0144. Je\u017celi nie podejmiemy odpowiednich dzia\u0142a\u0144, w 2030 roku liczba ta mo\u017ce wzrosn\u0105\u0107 do 209 [&hellip;]<\/p>\n","protected":false},"author":5,"featured_media":17666,"comment_status":"closed","ping_status":"closed","sticky":false,"template":"","format":"standard","meta":{"footnotes":""},"categories":[75],"tags":[165,167,169,171,173],"class_list":["post-17661","post","type-post","status-publish","format-standard","has-post-thumbnail","hentry","category-wiedza-pl","tag-ochrona-przyrody","tag-roznorodnosc","tag-srodowisko","tag-zagrozone-gatunki","tag-zrownowazony-rozwoj"],"yoast_head":"<!-- This site is optimized with the Yoast SEO plugin v23.9 - https:\/\/yoast.com\/wordpress\/plugins\/seo\/ -->\n<title>Poznaj nowe regulacje w sprawie opakowa\u0144 z tworzyw sztucznych &#8212; FOLGOS<\/title>\n<meta name=\"robots\" content=\"index, follow, max-snippet:-1, max-image-preview:large, max-video-preview:-1\" \/>\n<link rel=\"canonical\" href=\"https:\/\/folgos.pl\/pl\/2024\/10\/14\/poznaj-nowe-regulacje-w-sprawie-opakowan-z-tworzyw-sztucznych\/\" \/>\n<meta property=\"og:locale\" content=\"pl_PL\" \/>\n<meta property=\"og:type\" content=\"article\" \/>\n<meta property=\"og:title\" content=\"Poznaj nowe regulacje w sprawie opakowa\u0144 z tworzyw sztucznych &#8212; FOLGOS\" \/>\n<meta property=\"og:description\" content=\"Wg \u017ar\u00f3de\u0142 opublikowanych na stronie www.europarl.europa.eu \u0142\u0105czna ilo\u015b\u0107 opakowa\u0144 wzros\u0142a w Unii Europejskiej z 66 milion\u00f3w ton w 2009 roku do 84 milion\u00f3w ton w 2021 roku. W 2021 roku ka\u017cda osoba w Europie wytworzy\u0142a oko\u0142o 188,7 kg odpad\u00f3w z opakowa\u0144. Je\u017celi nie podejmiemy odpowiednich dzia\u0142a\u0144, w 2030 roku liczba ta mo\u017ce wzrosn\u0105\u0107 do 209 [&hellip;]\" \/>\n<meta property=\"og:url\" content=\"https:\/\/folgos.pl\/pl\/2024\/10\/14\/poznaj-nowe-regulacje-w-sprawie-opakowan-z-tworzyw-sztucznych\/\" \/>\n<meta property=\"og:site_name\" content=\"FOLGOS\" \/>\n<meta property=\"article:publisher\" content=\"https:\/\/www.facebook.com\/Folgos.Polska\" \/>\n<meta property=\"article:published_time\" content=\"2024-10-14T11:05:39+00:00\" \/>\n<meta property=\"article:modified_time\" content=\"2024-11-29T10:45:26+00:00\" \/>\n<meta property=\"og:image\" content=\"https:\/\/folgos.pl\/pl\/wp-content\/uploads\/2024\/10\/wqqw.jpg\" \/>\n\t<meta property=\"og:image:width\" content=\"398\" \/>\n\t<meta property=\"og:image:height\" content=\"398\" \/>\n\t<meta property=\"og:image:type\" content=\"image\/jpeg\" \/>\n<meta name=\"author\" content=\"ozelichowska\" \/>\n<meta name=\"twitter:card\" content=\"summary_large_image\" \/>\n<meta name=\"twitter:label1\" content=\"Napisane przez\" \/>\n\t<meta name=\"twitter:data1\" content=\"ozelichowska\" \/>\n\t<meta name=\"twitter:label2\" content=\"Szacowany czas czytania\" \/>\n\t<meta name=\"twitter:data2\" content=\"2 minuty\" \/>\n<script type=\"application\/ld+json\" class=\"yoast-schema-graph\">{\"@context\":\"https:\/\/schema.org\",\"@graph\":[{\"@type\":\"Article\",\"@id\":\"https:\/\/folgos.pl\/pl\/2024\/10\/14\/poznaj-nowe-regulacje-w-sprawie-opakowan-z-tworzyw-sztucznych\/#article\",\"isPartOf\":{\"@id\":\"https:\/\/folgos.pl\/pl\/2024\/10\/14\/poznaj-nowe-regulacje-w-sprawie-opakowan-z-tworzyw-sztucznych\/\"},\"author\":{\"name\":\"ozelichowska\",\"@id\":\"https:\/\/folgos.pl\/pl\/#\/schema\/person\/2e9f2854816d86663445ea94f945b7ec\"},\"headline\":\"Poznaj nowe regulacje w sprawie opakowa\u0144 z tworzyw sztucznych\",\"datePublished\":\"2024-10-14T11:05:39+00:00\",\"dateModified\":\"2024-11-29T10:45:26+00:00\",\"mainEntityOfPage\":{\"@id\":\"https:\/\/folgos.pl\/pl\/2024\/10\/14\/poznaj-nowe-regulacje-w-sprawie-opakowan-z-tworzyw-sztucznych\/\"},\"wordCount\":283,\"publisher\":{\"@id\":\"https:\/\/folgos.pl\/pl\/#organization\"},\"image\":{\"@id\":\"https:\/\/folgos.pl\/pl\/2024\/10\/14\/poznaj-nowe-regulacje-w-sprawie-opakowan-z-tworzyw-sztucznych\/#primaryimage\"},\"thumbnailUrl\":\"https:\/\/folgos.pl\/pl\/wp-content\/uploads\/2024\/10\/wqqw.jpg\",\"keywords\":[\"ochrona przyrody\",\"r\u00f3\u017cnorodno\u015b\u0107\",\"\u015brodowisko\",\"zagro\u017cone gatunki\",\"zr\u00f3wnowa\u017cony rozw\u00f3j\"],\"articleSection\":[\"Wiedza\"],\"inLanguage\":\"pl-PL\"},{\"@type\":\"WebPage\",\"@id\":\"https:\/\/folgos.pl\/pl\/2024\/10\/14\/poznaj-nowe-regulacje-w-sprawie-opakowan-z-tworzyw-sztucznych\/\",\"url\":\"https:\/\/folgos.pl\/pl\/2024\/10\/14\/poznaj-nowe-regulacje-w-sprawie-opakowan-z-tworzyw-sztucznych\/\",\"name\":\"Poznaj nowe regulacje w sprawie opakowa\u0144 z tworzyw sztucznych &#8212; FOLGOS\",\"isPartOf\":{\"@id\":\"https:\/\/folgos.pl\/pl\/#website\"},\"primaryImageOfPage\":{\"@id\":\"https:\/\/folgos.pl\/pl\/2024\/10\/14\/poznaj-nowe-regulacje-w-sprawie-opakowan-z-tworzyw-sztucznych\/#primaryimage\"},\"image\":{\"@id\":\"https:\/\/folgos.pl\/pl\/2024\/10\/14\/poznaj-nowe-regulacje-w-sprawie-opakowan-z-tworzyw-sztucznych\/#primaryimage\"},\"thumbnailUrl\":\"https:\/\/folgos.pl\/pl\/wp-content\/uploads\/2024\/10\/wqqw.jpg\",\"datePublished\":\"2024-10-14T11:05:39+00:00\",\"dateModified\":\"2024-11-29T10:45:26+00:00\",\"breadcrumb\":{\"@id\":\"https:\/\/folgos.pl\/pl\/2024\/10\/14\/poznaj-nowe-regulacje-w-sprawie-opakowan-z-tworzyw-sztucznych\/#breadcrumb\"},\"inLanguage\":\"pl-PL\",\"potentialAction\":[{\"@type\":\"ReadAction\",\"target\":[\"https:\/\/folgos.pl\/pl\/2024\/10\/14\/poznaj-nowe-regulacje-w-sprawie-opakowan-z-tworzyw-sztucznych\/\"]}]},{\"@type\":\"ImageObject\",\"inLanguage\":\"pl-PL\",\"@id\":\"https:\/\/folgos.pl\/pl\/2024\/10\/14\/poznaj-nowe-regulacje-w-sprawie-opakowan-z-tworzyw-sztucznych\/#primaryimage\",\"url\":\"https:\/\/folgos.pl\/pl\/wp-content\/uploads\/2024\/10\/wqqw.jpg\",\"contentUrl\":\"https:\/\/folgos.pl\/pl\/wp-content\/uploads\/2024\/10\/wqqw.jpg\",\"width\":398,\"height\":398},{\"@type\":\"BreadcrumbList\",\"@id\":\"https:\/\/folgos.pl\/pl\/2024\/10\/14\/poznaj-nowe-regulacje-w-sprawie-opakowan-z-tworzyw-sztucznych\/#breadcrumb\",\"itemListElement\":[{\"@type\":\"ListItem\",\"position\":1,\"name\":\"Strona g\u0142\u00f3wna\",\"item\":\"https:\/\/folgos.pl\/pl\/\"},{\"@type\":\"ListItem\",\"position\":2,\"name\":\"Poznaj nowe regulacje w sprawie opakowa\u0144 z tworzyw sztucznych\"}]},{\"@type\":\"WebSite\",\"@id\":\"https:\/\/folgos.pl\/pl\/#website\",\"url\":\"https:\/\/folgos.pl\/pl\/\",\"name\":\"FOLGOS - producent ekologicznej folii\",\"description\":\"\u0141\u0105czymy jako\u015b\u0107 z ekologi\u0105\",\"publisher\":{\"@id\":\"https:\/\/folgos.pl\/pl\/#organization\"},\"potentialAction\":[{\"@type\":\"SearchAction\",\"target\":{\"@type\":\"EntryPoint\",\"urlTemplate\":\"https:\/\/folgos.pl\/pl\/?s={search_term_string}\"},\"query-input\":{\"@type\":\"PropertyValueSpecification\",\"valueRequired\":true,\"valueName\":\"search_term_string\"}}],\"inLanguage\":\"pl-PL\"},{\"@type\":\"Organization\",\"@id\":\"https:\/\/folgos.pl\/pl\/#organization\",\"name\":\"FOLGOS\",\"url\":\"https:\/\/folgos.pl\/pl\/\",\"logo\":{\"@type\":\"ImageObject\",\"inLanguage\":\"pl-PL\",\"@id\":\"https:\/\/folgos.pl\/pl\/#\/schema\/logo\/image\/\",\"url\":\"https:\/\/folgos.pl\/pl\/wp-content\/uploads\/2023\/06\/Folgos_logo_RGB_v17-05-23.png\",\"contentUrl\":\"https:\/\/folgos.pl\/pl\/wp-content\/uploads\/2023\/06\/Folgos_logo_RGB_v17-05-23.png\",\"width\":439,\"height\":178,\"caption\":\"FOLGOS\"},\"image\":{\"@id\":\"https:\/\/folgos.pl\/pl\/#\/schema\/logo\/image\/\"},\"sameAs\":[\"https:\/\/www.facebook.com\/Folgos.Polska\",\"https:\/\/www.linkedin.com\/company\/folgos\/\"]},{\"@type\":\"Person\",\"@id\":\"https:\/\/folgos.pl\/pl\/#\/schema\/person\/2e9f2854816d86663445ea94f945b7ec\",\"name\":\"ozelichowska\",\"image\":{\"@type\":\"ImageObject\",\"inLanguage\":\"pl-PL\",\"@id\":\"https:\/\/folgos.pl\/pl\/#\/schema\/person\/image\/\",\"url\":\"https:\/\/secure.gravatar.com\/avatar\/bd1642f56daf98543c27fe0ca8a13f2683a11e5a76e72da9db1d630f74ce78b9?s=96&d=mm&r=g\",\"contentUrl\":\"https:\/\/secure.gravatar.com\/avatar\/bd1642f56daf98543c27fe0ca8a13f2683a11e5a76e72da9db1d630f74ce78b9?s=96&d=mm&r=g\",\"caption\":\"ozelichowska\"}}]}<\/script>\n<!-- \/ Yoast SEO plugin. -->","yoast_head_json":{"title":"Poznaj nowe regulacje w sprawie opakowa\u0144 z tworzyw sztucznych &#8212; FOLGOS","robots":{"index":"index","follow":"follow","max-snippet":"max-snippet:-1","max-image-preview":"max-image-preview:large","max-video-preview":"max-video-preview:-1"},"canonical":"https:\/\/folgos.pl\/pl\/2024\/10\/14\/poznaj-nowe-regulacje-w-sprawie-opakowan-z-tworzyw-sztucznych\/","og_locale":"pl_PL","og_type":"article","og_title":"Poznaj nowe regulacje w sprawie opakowa\u0144 z tworzyw sztucznych &#8212; FOLGOS","og_description":"Wg \u017ar\u00f3de\u0142 opublikowanych na stronie www.europarl.europa.eu \u0142\u0105czna ilo\u015b\u0107 opakowa\u0144 wzros\u0142a w Unii Europejskiej z 66 milion\u00f3w ton w 2009 roku do 84 milion\u00f3w ton w 2021 roku. W 2021 roku ka\u017cda osoba w Europie wytworzy\u0142a oko\u0142o 188,7 kg odpad\u00f3w z opakowa\u0144. Je\u017celi nie podejmiemy odpowiednich dzia\u0142a\u0144, w 2030 roku liczba ta mo\u017ce wzrosn\u0105\u0107 do 209 [&hellip;]","og_url":"https:\/\/folgos.pl\/pl\/2024\/10\/14\/poznaj-nowe-regulacje-w-sprawie-opakowan-z-tworzyw-sztucznych\/","og_site_name":"FOLGOS","article_publisher":"https:\/\/www.facebook.com\/Folgos.Polska","article_published_time":"2024-10-14T11:05:39+00:00","article_modified_time":"2024-11-29T10:45:26+00:00","og_image":[{"width":398,"height":398,"url":"https:\/\/folgos.pl\/pl\/wp-content\/uploads\/2024\/10\/wqqw.jpg","type":"image\/jpeg"}],"author":"ozelichowska","twitter_card":"summary_large_image","twitter_misc":{"Napisane przez":"ozelichowska","Szacowany czas czytania":"2 minuty"},"schema":{"@context":"https:\/\/schema.org","@graph":[{"@type":"Article","@id":"https:\/\/folgos.pl\/pl\/2024\/10\/14\/poznaj-nowe-regulacje-w-sprawie-opakowan-z-tworzyw-sztucznych\/#article","isPartOf":{"@id":"https:\/\/folgos.pl\/pl\/2024\/10\/14\/poznaj-nowe-regulacje-w-sprawie-opakowan-z-tworzyw-sztucznych\/"},"author":{"name":"ozelichowska","@id":"https:\/\/folgos.pl\/pl\/#\/schema\/person\/2e9f2854816d86663445ea94f945b7ec"},"headline":"Poznaj nowe regulacje w sprawie opakowa\u0144 z tworzyw sztucznych","datePublished":"2024-10-14T11:05:39+00:00","dateModified":"2024-11-29T10:45:26+00:00","mainEntityOfPage":{"@id":"https:\/\/folgos.pl\/pl\/2024\/10\/14\/poznaj-nowe-regulacje-w-sprawie-opakowan-z-tworzyw-sztucznych\/"},"wordCount":283,"publisher":{"@id":"https:\/\/folgos.pl\/pl\/#organization"},"image":{"@id":"https:\/\/folgos.pl\/pl\/2024\/10\/14\/poznaj-nowe-regulacje-w-sprawie-opakowan-z-tworzyw-sztucznych\/#primaryimage"},"thumbnailUrl":"https:\/\/folgos.pl\/pl\/wp-content\/uploads\/2024\/10\/wqqw.jpg","keywords":["ochrona przyrody","r\u00f3\u017cnorodno\u015b\u0107","\u015brodowisko","zagro\u017cone gatunki","zr\u00f3wnowa\u017cony rozw\u00f3j"],"articleSection":["Wiedza"],"inLanguage":"pl-PL"},{"@type":"WebPage","@id":"https:\/\/folgos.pl\/pl\/2024\/10\/14\/poznaj-nowe-regulacje-w-sprawie-opakowan-z-tworzyw-sztucznych\/","url":"https:\/\/folgos.pl\/pl\/2024\/10\/14\/poznaj-nowe-regulacje-w-sprawie-opakowan-z-tworzyw-sztucznych\/","name":"Poznaj nowe regulacje w sprawie opakowa\u0144 z tworzyw sztucznych &#8212; FOLGOS","isPartOf":{"@id":"https:\/\/folgos.pl\/pl\/#website"},"primaryImageOfPage":{"@id":"https:\/\/folgos.pl\/pl\/2024\/10\/14\/poznaj-nowe-regulacje-w-sprawie-opakowan-z-tworzyw-sztucznych\/#primaryimage"},"image":{"@id":"https:\/\/folgos.pl\/pl\/2024\/10\/14\/poznaj-nowe-regulacje-w-sprawie-opakowan-z-tworzyw-sztucznych\/#primaryimage"},"thumbnailUrl":"https:\/\/folgos.pl\/pl\/wp-content\/uploads\/2024\/10\/wqqw.jpg","datePublished":"2024-10-14T11:05:39+00:00","dateModified":"2024-11-29T10:45:26+00:00","breadcrumb":{"@id":"https:\/\/folgos.pl\/pl\/2024\/10\/14\/poznaj-nowe-regulacje-w-sprawie-opakowan-z-tworzyw-sztucznych\/#breadcrumb"},"inLanguage":"pl-PL","potentialAction":[{"@type":"ReadAction","target":["https:\/\/folgos.pl\/pl\/2024\/10\/14\/poznaj-nowe-regulacje-w-sprawie-opakowan-z-tworzyw-sztucznych\/"]}]},{"@type":"ImageObject","inLanguage":"pl-PL","@id":"https:\/\/folgos.pl\/pl\/2024\/10\/14\/poznaj-nowe-regulacje-w-sprawie-opakowan-z-tworzyw-sztucznych\/#primaryimage","url":"https:\/\/folgos.pl\/pl\/wp-content\/uploads\/2024\/10\/wqqw.jpg","contentUrl":"https:\/\/folgos.pl\/pl\/wp-content\/uploads\/2024\/10\/wqqw.jpg","width":398,"height":398},{"@type":"BreadcrumbList","@id":"https:\/\/folgos.pl\/pl\/2024\/10\/14\/poznaj-nowe-regulacje-w-sprawie-opakowan-z-tworzyw-sztucznych\/#breadcrumb","itemListElement":[{"@type":"ListItem","position":1,"name":"Strona g\u0142\u00f3wna","item":"https:\/\/folgos.pl\/pl\/"},{"@type":"ListItem","position":2,"name":"Poznaj nowe regulacje w sprawie opakowa\u0144 z tworzyw sztucznych"}]},{"@type":"WebSite","@id":"https:\/\/folgos.pl\/pl\/#website","url":"https:\/\/folgos.pl\/pl\/","name":"FOLGOS - producent ekologicznej folii","description":"\u0141\u0105czymy jako\u015b\u0107 z ekologi\u0105","publisher":{"@id":"https:\/\/folgos.pl\/pl\/#organization"},"potentialAction":[{"@type":"SearchAction","target":{"@type":"EntryPoint","urlTemplate":"https:\/\/folgos.pl\/pl\/?s={search_term_string}"},"query-input":{"@type":"PropertyValueSpecification","valueRequired":true,"valueName":"search_term_string"}}],"inLanguage":"pl-PL"},{"@type":"Organization","@id":"https:\/\/folgos.pl\/pl\/#organization","name":"FOLGOS","url":"https:\/\/folgos.pl\/pl\/","logo":{"@type":"ImageObject","inLanguage":"pl-PL","@id":"https:\/\/folgos.pl\/pl\/#\/schema\/logo\/image\/","url":"https:\/\/folgos.pl\/pl\/wp-content\/uploads\/2023\/06\/Folgos_logo_RGB_v17-05-23.png","contentUrl":"https:\/\/folgos.pl\/pl\/wp-content\/uploads\/2023\/06\/Folgos_logo_RGB_v17-05-23.png","width":439,"height":178,"caption":"FOLGOS"},"image":{"@id":"https:\/\/folgos.pl\/pl\/#\/schema\/logo\/image\/"},"sameAs":["https:\/\/www.facebook.com\/Folgos.Polska","https:\/\/www.linkedin.com\/company\/folgos\/"]},{"@type":"Person","@id":"https:\/\/folgos.pl\/pl\/#\/schema\/person\/2e9f2854816d86663445ea94f945b7ec","name":"ozelichowska","image":{"@type":"ImageObject","inLanguage":"pl-PL","@id":"https:\/\/folgos.pl\/pl\/#\/schema\/person\/image\/","url":"https:\/\/secure.gravatar.com\/avatar\/bd1642f56daf98543c27fe0ca8a13f2683a11e5a76e72da9db1d630f74ce78b9?s=96&d=mm&r=g","contentUrl":"https:\/\/secure.gravatar.com\/avatar\/bd1642f56daf98543c27fe0ca8a13f2683a11e5a76e72da9db1d630f74ce78b9?s=96&d=mm&r=g","caption":"ozelichowska"}}]}},"_links":{"self":[{"href":"https:\/\/folgos.pl\/pl\/wp-json\/wp\/v2\/posts\/17661","targetHints":{"allow":["GET"]}}],"collection":[{"href":"https:\/\/folgos.pl\/pl\/wp-json\/wp\/v2\/posts"}],"about":[{"href":"https:\/\/folgos.pl\/pl\/wp-json\/wp\/v2\/types\/post"}],"author":[{"embeddable":true,"href":"https:\/\/folgos.pl\/pl\/wp-json\/wp\/v2\/users\/5"}],"replies":[{"embeddable":true,"href":"https:\/\/folgos.pl\/pl\/wp-json\/wp\/v2\/comments?post=17661"}],"version-history":[{"count":6,"href":"https:\/\/folgos.pl\/pl\/wp-json\/wp\/v2\/posts\/17661\/revisions"}],"predecessor-version":[{"id":17816,"href":"https:\/\/folgos.pl\/pl\/wp-json\/wp\/v2\/posts\/17661\/revisions\/17816"}],"wp:featuredmedia":[{"embeddable":true,"href":"https:\/\/folgos.pl\/pl\/wp-json\/wp\/v2\/media\/17666"}],"wp:attachment":[{"href":"https:\/\/folgos.pl\/pl\/wp-json\/wp\/v2\/media?parent=17661"}],"wp:term":[{"taxonomy":"category","embeddable":true,"href":"https:\/\/folgos.pl\/pl\/wp-json\/wp\/v2\/categories?post=17661"},{"taxonomy":"post_tag","embeddable":true,"href":"https:\/\/folgos.pl\/pl\/wp-json\/wp\/v2\/tags?post=17661"}],"curies":[{"name":"wp","href":"https:\/\/api.w.org\/{rel}","templated":true}]}}